{"id":6007,"date":"2021-08-22T07:53:13","date_gmt":"2021-08-22T07:53:13","guid":{"rendered":"https:\/\/haberglobal.com.tr\/gundem\/gazeteci-cuneyt-ozdemir-den-dikkat-ceken-cikis-asilanmak-istemeyen-personel-okula-gelmesin-127796"},"modified":"2021-08-22T07:53:13","modified_gmt":"2021-08-22T07:53:13","slug":"cuneyt-ozdemirden-asilanmak-istemeyen-personel-okula-gelmesin-cikisi","status":"publish","type":"post","link":"https:\/\/istanbulchannel.net\/index.php\/2021\/08\/22\/cuneyt-ozdemirden-asilanmak-istemeyen-personel-okula-gelmesin-cikisi\/","title":{"rendered":"C\u00fcneyt \u00d6zdemir&#8217;den &#8220;A\u015f\u0131lanmak istemeyen personel okula gelmesin&#8221; \u00e7\u0131k\u0131\u015f\u0131"},"content":{"rendered":"<p><img decoding=\"async\" src=\"https:\/\/istanbulchannel.net\/wp-content\/uploads\/2021\/08\/cuneyt-ozdemirden-asilanmak-istemeyen-personel-okula-gelmesin-cikisi.jpg\"><\/p>\n<div><img decoding=\"async\" src=\"https:\/\/istanbulchannel.net\/wp-content\/uploads\/2021\/08\/cuneyt-ozdemirden-asilanmak-istemeyen-personel-okula-gelmesin-cikisi-2.jpg\" class=\"ff-og-image-inserted\"><\/div>\n<p>Cumhurba\u015fkan\u0131 Recep Tayyip Erdo\u011fan ge\u00e7ti\u011fimiz g\u00fcnlerde Kabine Toplant\u0131s\u0131 sonras\u0131 okullar\u0131n 6 Eyl\u00fcl&#8217;de ba\u015flayaca\u011f\u0131n\u0131 a\u00e7\u0131klam\u0131\u015ft\u0131. Erdo\u011fan, &#8220;Y\u00fcz y\u00fcze e\u011fitimin ba\u015flamas\u0131yla birlikte \u00f6\u011frenciyle irtibatl\u0131 hen\u00fcz a\u015f\u0131 olmam\u0131\u015f \u00f6\u011fretmen ve personelin haftada en az iki defa PCR testi yapt\u0131rmas\u0131n\u0131 isteyece\u011fiz&#8221; ifadelerini kullanm\u0131\u015ft\u0131.<\/p>\n<p><strong>C\u00dcNEYT \u00d6ZDEM\u0130R&#8217;DEN D\u0130KKAT \u00c7EKEN \u00c7IKI\u015e<\/strong><\/p>\n<p>Gazeteci C\u00fcneyt \u00d6zdemir, Twitter&#8217;dan yapt\u0131\u011f\u0131 payla\u015f\u0131mda &#8220;Bir veli olarak okullar\u0131n a\u00e7\u0131l\u0131yor olmas\u0131 \u00e7ok iyi haber ancak e\u011fitim personelinin her bireyinin a\u015f\u0131lanmas\u0131n\u0131 da \u00f6nemli buluyorum. A\u015f\u0131lanmak istemeyen personel okula gelmesin. E\u011fitimcilere a\u015f\u0131 zorunlu tutulsun. \u00c7ocuklar\u0131m\u0131z\u0131 riske atmay\u0131n l\u00fctfen. Milli E\u011fitim Bakan\u0131&#8217;n\u0131n sosyal medya hesab\u0131 olmad\u0131\u011f\u0131 i\u00e7in uyar\u0131 \u00fczerine twiti silip, d\u00fczeltip tekrar att\u0131m&#8221; dedi.<\/p>\n<blockquote class=\"noneditable twitter-tweet\" readability=\"6.3579881656805\">\n<p dir=\"ltr\" lang=\"tr\">Bir veli olarak okullar\u0131n a\u00e7\u0131l\u0131yor olmas\u0131 \u00e7ok iyi haber ancak e\u011fitim personelinin her bireyinin a\u015f\u0131lanmas\u0131n\u0131 da \u00f6nemli buluyorum. A\u015f\u0131lanmak istemeyen personel okula gelmesin. E\u011fitimcilere a\u015f\u0131 zorunlu tutulsun.\u00c7ocuklar\u0131m\u0131z\u0131 riske atmay\u0131n l\u00fctfen. <a href=\"https:\/\/twitter.com\/drfahrettinkoca?ref_src=twsrc%5Etfw\" rel=\"nofollow\">@drfahrettinkoca<\/a><\/p>\n<p>\u2014 c\u00fcneyt \u00f6zdemir (@cuneytozdemir) <a href=\"https:\/\/twitter.com\/cuneytozdemir\/status\/1429344779322773510?ref_src=twsrc%5Etfw\" rel=\"nofollow\">August 22, 2021<\/a>\n<\/p><\/blockquote>\n<p><strong>Y\u00dcZ Y\u00dcZE E\u011e\u0130T\u0130M\u0130N YEN\u0130 YOL HAR\u0130TASI BELL\u0130 OLDU<\/strong><\/p>\n<p>Milli E\u011fitim Bakan\u0131 \u00d6zer a\u00e7\u0131klamas\u0131nda &#8220;Okullarda y\u00fcz y\u00fcze e\u011fitimin bir kez daha aksamamas\u0131 i\u00e7in maske, mesafe ve hijyen kurallar\u0131ndan asla taviz vermeyece\u011fiz. \u00d6\u011frencilerimiz, \u00f6\u011fretmenlerimiz ve di\u011fer e\u011fitim \u00e7al\u0131\u015fanlar\u0131m\u0131z; okula maske takarak gelecekler. \u00d6\u011frenci ve personelimizin okul i\u00e7inde maskeye ihtiya\u00e7 duymalar\u0131 durumunda okul idarelerimiz \u00fccretsiz maske temin edecek. Kurum personeli ve \u00f6\u011frenciler d\u0131\u015f\u0131ndaki ki\u015filerin okula giri\u015f ve \u00e7\u0131k\u0131\u015flar\u0131 okul y\u00f6netimleri taraf\u0131ndan s\u0131n\u0131rland\u0131r\u0131lacak&#8221; \u015feklinde konu\u015fmu\u015ftu.<\/p>\n","protected":false},"excerpt":{"rendered":"<p>Gazeteci C\u00fcneyt \u00d6zdemir&#8217;in yeni koronavir\u00fcs tedbirleri kapsam\u0131nda al\u0131nan a\u015f\u0131 kararlar\u0131na ili\u015fkin sosyal medyadan &#8220;A\u015f\u0131lanmak istemeyen personel okula gelmesin. E\u011fitimcilere a\u015f\u0131 zorunlu&#8230;<\/p>\n","protected":false},"author":2,"featured_media":6008,"comment_status":"closed","ping_status":"closed","sticky":false,"template":"","format":"standard","meta":{"footnotes":""},"categories":[12,185],"tags":[],"class_list":["post-6007","post","type-post","status-publish","format-standard","has-post-thumbnail","hentry","category-gundem","category-manset"],"_links":{"self":[{"href":"https:\/\/istanbulchannel.net\/index.php\/wp-json\/wp\/v2\/posts\/6007","targetHints":{"allow":["GET"]}}],"collection":[{"href":"https:\/\/istanbulchannel.net\/index.php\/wp-json\/wp\/v2\/posts"}],"about":[{"href":"https:\/\/istanbulchannel.net\/index.php\/wp-json\/wp\/v2\/types\/post"}],"author":[{"embeddable":true,"href":"https:\/\/istanbulchannel.net\/index.php\/wp-json\/wp\/v2\/users\/2"}],"replies":[{"embeddable":true,"href":"https:\/\/istanbulchannel.net\/index.php\/wp-json\/wp\/v2\/comments?post=6007"}],"version-history":[{"count":0,"href":"https:\/\/istanbulchannel.net\/index.php\/wp-json\/wp\/v2\/posts\/6007\/revisions"}],"wp:featuredmedia":[{"embeddable":true,"href":"https:\/\/istanbulchannel.net\/index.php\/wp-json\/wp\/v2\/media\/6008"}],"wp:attachment":[{"href":"https:\/\/istanbulchannel.net\/index.php\/wp-json\/wp\/v2\/media?parent=6007"}],"wp:term":[{"taxonomy":"category","embeddable":true,"href":"https:\/\/istanbulchannel.net\/index.php\/wp-json\/wp\/v2\/categories?post=6007"},{"taxonomy":"post_tag","embeddable":true,"href":"https:\/\/istanbulchannel.net\/index.php\/wp-json\/wp\/v2\/tags?post=6007"}],"curies":[{"name":"wp","href":"https:\/\/api.w.org\/{rel}","templated":true}]}}