{"id":4814,"date":"2026-08-29T10:56:01","date_gmt":"2026-08-29T10:56:01","guid":{"rendered":"https:\/\/istanbulchannel.net\/?p=4814"},"modified":"2026-08-29T10:56:01","modified_gmt":"2026-08-29T10:56:01","slug":"hisarciklioglu30-agustos-zaferi-ile-gurur-duyuyoruz","status":"publish","type":"post","link":"https:\/\/istanbulchannel.net\/index.php\/2026\/08\/29\/hisarciklioglu30-agustos-zaferi-ile-gurur-duyuyoruz\/","title":{"rendered":"H\u0130SARCIKLIO\u011eLU:\u201c30 A\u011eUSTOS ZAFER\u0130 \u0130LE GURUR DUYUYORUZ\u201d"},"content":{"rendered":"<p>&nbsp;<\/p>\n<p><strong>30 A\u011fustos Zafer Bayram\u0131 dolay\u0131s\u0131yla bir mesaj yay\u0131mlayan T\u00fcrkiye Odalar ve Borsalar Birli\u011fi (TOBB) Ba\u015fkan\u0131 M. Rifat Hisarc\u0131kl\u0131o\u011flu, bu zaferin, d\u00fcnyada emsali olmayan bir vatan sevgisinin ve milletimizin ba\u011f\u0131ms\u0131zl\u0131\u011f\u0131ndan asla vazge\u00e7meyece\u011finin t\u00fcm d\u00fcnyaya ilan\u0131 oldu\u011funu ifade etti.<\/strong><\/p>\n<p>Hisarc\u0131kl\u0131o\u011flu mesaj\u0131nda \u015fu g\u00f6r\u00fc\u015flere yer verdi:<\/p>\n<p><img loading=\"lazy\" decoding=\"async\" class=\"alignnone size-medium wp-image-4815\" src=\"https:\/\/istanbulchannel.net\/wp-content\/uploads\/2026\/08\/images-300x168.jpeg\" alt=\"\" width=\"300\" height=\"168\" srcset=\"https:\/\/istanbulchannel.net\/wp-content\/uploads\/2026\/08\/images-300x168.jpeg 300w, https:\/\/istanbulchannel.net\/wp-content\/uploads\/2026\/08\/images-715x400.jpeg 715w, https:\/\/istanbulchannel.net\/wp-content\/uploads\/2026\/08\/images.jpeg 739w\" sizes=\"auto, (max-width: 300px) 100vw, 300px\" \/><\/p>\n<p>\u201cB\u00fcy\u00fck imk\u00e2ns\u0131zl\u0131klara ra\u011fmen inan\u00e7, azim ve kararl\u0131l\u0131kla \u00f6r\u00fclen \u015fanl\u0131 tarihimizin en b\u00fcy\u00fck d\u00f6n\u00fcm noktalar\u0131ndan biri olan Ba\u015fkomutanl\u0131k Meydan Muharebesi\u2019nin zaferle sonu\u00e7lanmas\u0131n\u0131n y\u0131l d\u00f6n\u00fcm\u00fcn\u00fc, b\u00fcy\u00fck bir gurur ve co\u015fkuyla kutluyoruz.<\/p>\n<p>Gazi Mustafa Kemal Atat\u00fcrk\u2019\u00fcn de s\u00f6yledi\u011fi gibi bizim \u00f6z\u00fcm\u00fcz yurtta ve d\u00fcnyada bar\u0131\u015f ilkesiyle yo\u011frulmu\u015ftur.<\/p>\n<p><em><img loading=\"lazy\" decoding=\"async\" class=\"alignnone size-medium wp-image-4816\" src=\"https:\/\/istanbulchannel.net\/wp-content\/uploads\/2026\/08\/is-dunyasindan-30-agustos-zafer-bayrami-mesajlari-dayp_cover-300x169.jpg\" alt=\"\" width=\"300\" height=\"169\" srcset=\"https:\/\/istanbulchannel.net\/wp-content\/uploads\/2026\/08\/is-dunyasindan-30-agustos-zafer-bayrami-mesajlari-dayp_cover-300x169.jpg 300w, https:\/\/istanbulchannel.net\/wp-content\/uploads\/2026\/08\/is-dunyasindan-30-agustos-zafer-bayrami-mesajlari-dayp_cover-1067x600.jpg 1067w, https:\/\/istanbulchannel.net\/wp-content\/uploads\/2026\/08\/is-dunyasindan-30-agustos-zafer-bayrami-mesajlari-dayp_cover-768x432.jpg 768w, https:\/\/istanbulchannel.net\/wp-content\/uploads\/2026\/08\/is-dunyasindan-30-agustos-zafer-bayrami-mesajlari-dayp_cover-715x400.jpg 715w, https:\/\/istanbulchannel.net\/wp-content\/uploads\/2026\/08\/is-dunyasindan-30-agustos-zafer-bayrami-mesajlari-dayp_cover.jpg 1280w\" sizes=\"auto, (max-width: 300px) 100vw, 300px\" \/><\/em><\/p>\n<p>Ancak ba\u011f\u0131ms\u0131zl\u0131\u011f\u0131m\u0131za ve topraklar\u0131m\u0131za g\u00f6z dikenlere kar\u015f\u0131 hi\u00e7bir \u015feyden korkmadan, tek v\u00fccut olabildi\u011fimiz tarih sayfalar\u0131nda defalarca ispatlanm\u0131\u015ft\u0131r. 30 A\u011fustos Zaferi de bu ispatlar\u0131n en \u00f6nemlilerinden, en anlaml\u0131lar\u0131ndand\u0131r.<\/p>\n<p><strong><em><img loading=\"lazy\" decoding=\"async\" class=\"alignnone size-medium wp-image-4817\" src=\"https:\/\/istanbulchannel.net\/wp-content\/uploads\/2026\/08\/hisarciklioglu-30-agustos-zafe_1787994674_yfpSoY-300x169.webp\" alt=\"\" width=\"300\" height=\"169\" srcset=\"https:\/\/istanbulchannel.net\/wp-content\/uploads\/2026\/08\/hisarciklioglu-30-agustos-zafe_1787994674_yfpSoY-300x169.webp 300w, https:\/\/istanbulchannel.net\/wp-content\/uploads\/2026\/08\/hisarciklioglu-30-agustos-zafe_1787994674_yfpSoY-1067x600.webp 1067w, https:\/\/istanbulchannel.net\/wp-content\/uploads\/2026\/08\/hisarciklioglu-30-agustos-zafe_1787994674_yfpSoY-768x432.webp 768w, https:\/\/istanbulchannel.net\/wp-content\/uploads\/2026\/08\/hisarciklioglu-30-agustos-zafe_1787994674_yfpSoY-715x400.webp 715w, https:\/\/istanbulchannel.net\/wp-content\/uploads\/2026\/08\/hisarciklioglu-30-agustos-zafe_1787994674_yfpSoY.webp 1280w\" sizes=\"auto, (max-width: 300px) 100vw, 300px\" \/><\/em><\/strong><\/p>\n<p>T\u00fcrk i\u015f d\u00fcnyas\u0131n\u0131n temsilcileri olarak hedefimizin ve ecdad\u0131m\u0131za olan borcumuzun fark\u0131nday\u0131z. \u00dclkemizin ekonomisini b\u00fcy\u00fctmek, istihdam\u0131 art\u0131rmak, \u00fcretimi ve yat\u0131r\u0131m i\u015ftah\u0131n\u0131 her daim canl\u0131 tutmak i\u00e7in var g\u00fcc\u00fcm\u00fczle \u00e7al\u0131\u015fmaya devam edece\u011fiz.<\/p>\n<p>Bu duygu ve d\u00fc\u015f\u00fcncelerle, ba\u015fta b\u00fcy\u00fck zaferin ba\u015f mimar\u0131 Gazi Mustafa Kemal Atat\u00fcrk ve silah arkada\u015flar\u0131 olmak \u00fczere, vatan\u0131 u\u011fruna canlar\u0131n\u0131 feda eden t\u00fcm \u015fehitlerimizi ve gazilerimizi rahmet, minnet ve \u015f\u00fckranla an\u0131yorum. 30 A\u011fustos Zafer Bayram\u0131m\u0131z kutlu olsun.\u201d<\/p>\n<p><img loading=\"lazy\" decoding=\"async\" class=\"alignnone size-medium wp-image-4818\" src=\"https:\/\/istanbulchannel.net\/wp-content\/uploads\/2026\/08\/GzlDCaGWcAAfv6M-282x300.jpg\" alt=\"\" width=\"282\" height=\"300\" srcset=\"https:\/\/istanbulchannel.net\/wp-content\/uploads\/2026\/08\/GzlDCaGWcAAfv6M-282x300.jpg 282w, https:\/\/istanbulchannel.net\/wp-content\/uploads\/2026\/08\/GzlDCaGWcAAfv6M-564x600.jpg 564w, https:\/\/istanbulchannel.net\/wp-content\/uploads\/2026\/08\/GzlDCaGWcAAfv6M-768x816.jpg 768w, https:\/\/istanbulchannel.net\/wp-content\/uploads\/2026\/08\/GzlDCaGWcAAfv6M.jpg 1125w\" sizes=\"auto, (max-width: 282px) 100vw, 282px\" \/><\/p>\n","protected":false},"excerpt":{"rendered":"<p>&nbsp; 30 A\u011fustos Zafer Bayram\u0131 dolay\u0131s\u0131yla bir mesaj yay\u0131mlayan T\u00fcrkiye Odalar ve Borsalar Birli\u011fi (TOBB) Ba\u015fkan\u0131 M. Rifat Hisarc\u0131kl\u0131o\u011flu, bu zaferin, d\u00fcnyada emsali olmayan<\/p>\n","protected":false},"author":2,"featured_media":4817,"comment_status":"open","ping_status":"open","sticky":false,"template":"","format":"standard","meta":{"footnotes":""},"categories":[10,186,11,12,16,185,15],"tags":[286,256],"class_list":["post-4814","post","type-post","status-publish","format-standard","has-post-thumbnail","hentry","category-ekonomi","category-finans","category-genel","category-gundem","category-is-dunyasi","category-manset","category-turkiye","tag-30-agustos-zafer-bayrami","tag-rifat-hisarciklioglu"],"amp_enabled":true,"_links":{"self":[{"href":"https:\/\/istanbulchannel.net\/index.php\/wp-json\/wp\/v2\/posts\/4814","targetHints":{"allow":["GET"]}}],"collection":[{"href":"https:\/\/istanbulchannel.net\/index.php\/wp-json\/wp\/v2\/posts"}],"about":[{"href":"https:\/\/istanbulchannel.net\/index.php\/wp-json\/wp\/v2\/types\/post"}],"author":[{"embeddable":true,"href":"https:\/\/istanbulchannel.net\/index.php\/wp-json\/wp\/v2\/users\/2"}],"replies":[{"embeddable":true,"href":"https:\/\/istanbulchannel.net\/index.php\/wp-json\/wp\/v2\/comments?post=4814"}],"version-history":[{"count":1,"href":"https:\/\/istanbulchannel.net\/index.php\/wp-json\/wp\/v2\/posts\/4814\/revisions"}],"predecessor-version":[{"id":4819,"href":"https:\/\/istanbulchannel.net\/index.php\/wp-json\/wp\/v2\/posts\/4814\/revisions\/4819"}],"wp:featuredmedia":[{"embeddable":true,"href":"https:\/\/istanbulchannel.net\/index.php\/wp-json\/wp\/v2\/media\/4817"}],"wp:attachment":[{"href":"https:\/\/istanbulchannel.net\/index.php\/wp-json\/wp\/v2\/media?parent=4814"}],"wp:term":[{"taxonomy":"category","embeddable":true,"href":"https:\/\/istanbulchannel.net\/index.php\/wp-json\/wp\/v2\/categories?post=4814"},{"taxonomy":"post_tag","embeddable":true,"href":"https:\/\/istanbulchannel.net\/index.php\/wp-json\/wp\/v2\/tags?post=4814"}],"curies":[{"name":"wp","href":"https:\/\/api.w.org\/{rel}","templated":true}]}}