{"id":4424,"date":"2021-08-18T01:39:57","date_gmt":"2021-08-18T01:39:57","guid":{"rendered":"https:\/\/haberglobal.com.tr\/gundem\/ankara-da-silahli-saldiriya-ugrayan-baba-oldu-oglu-yaralandi-126938"},"modified":"2021-08-18T01:39:57","modified_gmt":"2021-08-18T01:39:57","slug":"ankarada-silahli-saldiriya-ugrayan-baba-oldu-oglu-yaralandi","status":"publish","type":"post","link":"https:\/\/istanbulchannel.net\/index.php\/2021\/08\/18\/ankarada-silahli-saldiriya-ugrayan-baba-oldu-oglu-yaralandi\/","title":{"rendered":"Ankara&#8217;da silahl\u0131 sald\u0131r\u0131ya u\u011frayan baba \u00f6ld\u00fc, o\u011flu yaraland\u0131"},"content":{"rendered":"<p><img decoding=\"async\" src=\"https:\/\/istanbulchannel.net\/wp-content\/uploads\/2021\/08\/ankarada-silahli-saldiriya-ugrayan-baba-oldu-oglu-yaralandi.jpg\"><\/p>\n<div><img decoding=\"async\" src=\"https:\/\/istanbulchannel.net\/wp-content\/uploads\/2021\/08\/ankarada-silahli-saldiriya-ugrayan-baba-oldu-oglu-yaralandi-2.jpg\" class=\"ff-og-image-inserted\"><\/div>\n<p>Al\u0131nan bilgiye g\u00f6re, \u015eehit Mehmet Altanlar Caddesi \u00fczerinde V.U ve babas\u0131 M.U \u00fc\u00e7 ki\u015finin silahl\u0131 sald\u0131r\u0131s\u0131na u\u011frad\u0131.<\/p>\n<p>Sald\u0131r\u0131da kur\u015funlar\u0131n hedefi olan V.U kolundan, M.U ise ba\u015f\u0131ndan yaralan\u0131rken, sald\u0131rganlar olay yerinden ka\u00e7t\u0131.<\/p>\n<p>G\u00fclhane E\u011fitim ve Ara\u015ft\u0131rma Hastanesine kald\u0131r\u0131lan yaral\u0131lardan M.U m\u00fcdahalelere ra\u011fmen kurtar\u0131lamad\u0131.<\/p>\n<p>Tedavi alt\u0131na al\u0131nan V.U, kendilerine ate\u015f eden ki\u015filerin M.\u00d6.B, A.K ve T.A oldu\u011funu belirtirken, \u015f\u00fcpheliler k\u0131sa s\u00fcrede yakaland\u0131.<\/p>\n<p>Bu arada polis ekipleri, sald\u0131r\u0131n\u0131n ger\u00e7ekle\u015fti\u011fi caddeyi \u015feritle kapat\u0131p, \u00e7evrede g\u00fcvenlik \u00f6nlemi al\u0131rken, olay yeri inceleme ekipleri \u00e7al\u0131\u015fma yapt\u0131.<\/p>\n<p>Ankara Emniyet M\u00fcd\u00fcrl\u00fc\u011f\u00fc Cinayet B\u00fcro Amirli\u011fi ekiplerine teslim edilen \u015f\u00fcphelilerin sorgusunun s\u00fcrd\u00fc\u011f\u00fc \u00f6\u011frenildi.<\/p>\n<p>Kaynak: AA<\/p>\n","protected":false},"excerpt":{"rendered":"<p>Ankara&#8217;n\u0131n Ke\u00e7i\u00f6ren il\u00e7esinde baba ve o\u011ful \u00fc\u00e7 ki\u015finin silahl\u0131 sald\u0131r\u0131s\u0131na u\u011frad\u0131. Sald\u0131r\u0131 sonucu baba \u00f6ld\u00fc, o\u011flu yaraland\u0131. &#8230;<\/p>\n","protected":false},"author":2,"featured_media":4425,"comment_status":"closed","ping_status":"closed","sticky":false,"template":"","format":"standard","meta":{"footnotes":""},"categories":[11,12,185],"tags":[],"class_list":["post-4424","post","type-post","status-publish","format-standard","has-post-thumbnail","hentry","category-genel","category-gundem","category-manset"],"amp_enabled":true,"_links":{"self":[{"href":"https:\/\/istanbulchannel.net\/index.php\/wp-json\/wp\/v2\/posts\/4424","targetHints":{"allow":["GET"]}}],"collection":[{"href":"https:\/\/istanbulchannel.net\/index.php\/wp-json\/wp\/v2\/posts"}],"about":[{"href":"https:\/\/istanbulchannel.net\/index.php\/wp-json\/wp\/v2\/types\/post"}],"author":[{"embeddable":true,"href":"https:\/\/istanbulchannel.net\/index.php\/wp-json\/wp\/v2\/users\/2"}],"replies":[{"embeddable":true,"href":"https:\/\/istanbulchannel.net\/index.php\/wp-json\/wp\/v2\/comments?post=4424"}],"version-history":[{"count":0,"href":"https:\/\/istanbulchannel.net\/index.php\/wp-json\/wp\/v2\/posts\/4424\/revisions"}],"wp:featuredmedia":[{"embeddable":true,"href":"https:\/\/istanbulchannel.net\/index.php\/wp-json\/wp\/v2\/media\/4425"}],"wp:attachment":[{"href":"https:\/\/istanbulchannel.net\/index.php\/wp-json\/wp\/v2\/media?parent=4424"}],"wp:term":[{"taxonomy":"category","embeddable":true,"href":"https:\/\/istanbulchannel.net\/index.php\/wp-json\/wp\/v2\/categories?post=4424"},{"taxonomy":"post_tag","embeddable":true,"href":"https:\/\/istanbulchannel.net\/index.php\/wp-json\/wp\/v2\/tags?post=4424"}],"curies":[{"name":"wp","href":"https:\/\/api.w.org\/{rel}","templated":true}]}}