{"id":4376,"date":"2021-08-17T11:02:00","date_gmt":"2021-08-17T11:02:00","guid":{"rendered":"https:\/\/istanbulchannel.net\/index.php\/2021\/08\/17\/marmaris-ticaret-odasi-baskani-ayhan-marmaris-icin-her-turlu-goreve-haziriz\/"},"modified":"2021-08-17T11:02:00","modified_gmt":"2021-08-17T11:02:00","slug":"marmaris-ticaret-odasi-baskani-ayhan-marmaris-icin-her-turlu-goreve-haziriz","status":"publish","type":"post","link":"https:\/\/istanbulchannel.net\/index.php\/2021\/08\/17\/marmaris-ticaret-odasi-baskani-ayhan-marmaris-icin-her-turlu-goreve-haziriz\/","title":{"rendered":"Marmaris Ticaret Odas\u0131 Ba\u015fkan\u0131 Ayhan: Marmaris i\u00e7in her t\u00fcrl\u00fc g\u00f6reve haz\u0131r\u0131z"},"content":{"rendered":"<div><img decoding=\"async\" src=\"https:\/\/istanbulchannel.net\/wp-content\/uploads\/2021\/08\/marmaris-ticaret-odasi-baskani-ayhan-marmaris-icin-her-turlu-goreve-haziriz.jpg\" class=\"ff-og-image-inserted\"><\/div>\n<p> Mu\u011fla\u2019n\u0131n Marmaris il\u00e7esinde 8 g\u00fcn boyunca devam eden yang\u0131n afetinin sona ermesiyle birlikte Marmaris Ticaret Odas\u0131 (MTO) hem vatanda\u015flar\u0131n hem de turizm camias\u0131n\u0131n sesini duyurmak i\u00e7in gerekli temaslar\u0131 kurarak, acilen hayata ge\u00e7irilmesi gereken ekonomik destek taleplerini ilgili bakanlara iletti. MTO Y\u00f6netim Kurulu Ba\u015fkan\u0131 S. Mutlu Ayhan, \u201cMarmaris\u2019in yaralar\u0131n\u0131 sarmak i\u00e7in g\u00f6rev ba\u015f\u0131nday\u0131z\u201d dedi. <\/p>\n<div id=\"iceriks\" readability=\"73\">\n<p>29 Temmuz g\u00fcn\u00fc ba\u015flayan ve Marmaris yar\u0131madas\u0131n\u0131n b\u00fcy\u00fck bir k\u0131sm\u0131n\u0131 yakarak k\u00fcle d\u00f6n\u00fc\u015ft\u00fcren yang\u0131n afetinin ard\u0131ndan MTO, yang\u0131n\u0131n boyutlar\u0131n\u0131 ve olu\u015fturdu\u011fu tahribat\u0131n ekonomik etkilerini azaltmak i\u00e7in kollar\u0131 s\u0131vad\u0131. Y\u00f6netim Kurulu Ba\u015fkan\u0131 S. Mutlu Ayhan, \u00f6zellikle pandemi sebebiyle ekonomik anlamda zor g\u00fcnler ge\u00e7iren Marmaris\u2019in, yang\u0131n afeti ile birlikte turizmin durma noktas\u0131na gelmesinin ard\u0131ndan acil ekonomik desteklerin hayata ge\u00e7irilmesi i\u00e7in g\u00f6r\u00fc\u015fmeleri ba\u015flatt\u0131. Yang\u0131n\u0131n sona ermesi ile beraber ilgili Bakanl\u0131k toplant\u0131lar\u0131nda bu talepleri dile getiren Ayhan, zorlu bir k\u0131\u015f d\u00f6neminin kap\u0131da oldu\u011funu ve ekonomik tedbirlerin acilen hayata ge\u00e7irilmesi gerekti\u011fini s\u00f6yledi. Ba\u015fkan Ayhan, \u201cGe\u00e7ti\u011fimiz y\u0131l ba\u015flayan pandemi sebebiyle maalesef k\u00f6t\u00fc bir turizm sezonu ge\u00e7irdik. Bu sene ise hem pandemi hem yang\u0131n afeti derken Marmaris\u2019te turizm sezonu kalmad\u0131. 8 g\u00fcn boyunca ci\u011ferlerimiz yand\u0131, hepimiz \u00e7ok \u00fczg\u00fcn\u00fcz. Ancak \u00fcyelerimizi bekleyen ba\u015fka s\u0131k\u0131nt\u0131lar da kap\u0131da. \u0130ngiltere\u2019nin T\u00fcrkiye\u2019yi hala k\u0131rm\u0131z\u0131 listeden \u00e7\u0131karmam\u0131\u015f olmas\u0131 turizm sezonunu ba\u015flamadan bitirdi. Bu nedenle baz\u0131 ekonomik tedbirlerin \u00f6zellikle afet b\u00f6lgesi Marmaris i\u00e7in hayata ge\u00e7irilmesi \u015fart. Ge\u00e7ti\u011fimiz g\u00fcn \u0130\u00e7i\u015fleri, \u00c7evre ve \u015eehircilik, Ula\u015ft\u0131rma, Tar\u0131m ve Orman Bakan\u0131m\u0131z ile yap\u0131lan ortak toplant\u0131da dile getirdik. Tahakkuk edecek vergi, SGK ve Ba\u011f-kur prim bor\u00e7lar\u0131n\u0131n en erken May\u0131s ay\u0131na kadar \u00f6telenmesi gerekiyor. Ge\u00e7ti\u011fimiz yaz sezonunun da k\u00f6t\u00fc ge\u00e7mesi sebebiyle pek \u00e7ok i\u015fletmecimiz kredi kullanmak zorunda kald\u0131. Mevcut kredilerin faizsiz olarak en az 1 y\u0131l \u00f6telenmesi sekt\u00f6r\u00fcn ayakta kalabilmesi i\u00e7in \u015fart. Ayr\u0131ca, KOSGEB\u2019in Acil Destek Kredisi\u2019ne sadece yang\u0131nda i\u015fyerinde hasar olu\u015fan i\u015fletmeler ba\u015fvurabiliyor. Bu krediye yang\u0131ndan dolayl\u0131 olarak etkilenen t\u00fcm i\u015fletmelerin ba\u015fvurabilmesi i\u00e7in kapsam\u0131n\u0131n geni\u015fletilmesi gerekiyor. Marmaris\u2019te i\u015fler domino ta\u015f\u0131 gibidir. Birinin ald\u0131\u011f\u0131 darbe pek \u00e7ok i\u015fletmeyi ne yaz\u0131k ki etkiliyor. Bu nedenle ekonomik tedbirlerin bir an evvel al\u0131nmas\u0131 gerekiyor. Turizm Bakan\u0131m\u0131z ile yapt\u0131\u011f\u0131m\u0131z toplant\u0131da da Marmaris\u2019te faaliyet g\u00f6steren t\u00fcm sekt\u00f6rlerin deste\u011fe ihtiya\u00e7 duydu\u011funu belirttik\u201d dedi.<\/p>\n<p>&#8220;Birli\u011fimizden tam destek ald\u0131k&#8221;<\/p>\n<p>Ge\u00e7ti\u011fimiz g\u00fcnlerde Marmaris\u2019i ziyaret eden T\u00fcrkiye Odalar ve Borsalar Birli\u011fi (TOBB) Ba\u015fkan\u0131 M. Rifat Hisarc\u0131kl\u0131o\u011flu\u2019na da haz\u0131rlad\u0131klar\u0131 sunumla birlikte yang\u0131n\u0131n t\u00fcm detaylar\u0131n\u0131 ve b\u0131rakt\u0131\u011f\u0131 hasar\u0131 anlatt\u0131klar\u0131n\u0131 belirten MTO Ba\u015fkan\u0131 Ayhan, TOBB\u2019dan tam destek ald\u0131klar\u0131n\u0131 ekledi. Ba\u015fkan Ayhan, \u201cYang\u0131n\u0131n ilk g\u00fcn\u00fcnden itibaren Birli\u011fimiz an be an geli\u015fmeleri takip etti. Ba\u015fkan\u0131m\u0131z Say\u0131n M. Rifat Hisarc\u0131kl\u0131o\u011flu ayn\u0131 g\u00fcn 365 oda ve borsaya \u00e7a\u011fr\u0131da bulunarak yang\u0131nla m\u00fccadelede ihtiyac\u0131m\u0131z olan sivil araz\u00f6z ve su tankerlerinin temin edilmesini sa\u011flad\u0131. \u00c7evre il ve il\u00e7elerimiz ba\u015fta olmak \u00fczere pek \u00e7ok \u015fehirden gelerek destek verdiler. Ard\u0131ndan Birlik Ba\u015fkan\u0131m\u0131z\u0131n Marmaris\u2019e ziyareti s\u0131ras\u0131nda da yang\u0131n\u0131n t\u00fcm etkilerini g\u00f6zler \u00f6n\u00fcne seren bir \u00e7al\u0131\u015fma ile t\u00fcm destek taleplerimizi anlatt\u0131k. \u00d6zellikle yang\u0131nda evini kaybeden vatanda\u015flar\u0131m\u0131za yard\u0131m edilmesi hususunda TOBB\u2019un ba\u015flatt\u0131\u011f\u0131 yard\u0131m kampanyas\u0131 ile e\u015fyalar\u0131n\u0131n temin edilmesi i\u00e7in \u00e7al\u0131\u015fmalara ba\u015flad\u0131k. En k\u0131sa s\u00fcrede evini ve e\u015fyas\u0131n\u0131 kaybeden hem\u015ferilerimize yard\u0131m elimizi uzatmak istiyoruz\u201d \u015feklinde konu\u015ftu.<\/p>\n<p>&#8220;Yang\u0131n s\u00fcresince ihtiya\u00e7 duyulan her konuda g\u00f6rev ba\u015f\u0131ndayd\u0131k&#8221;<\/p>\n<p>Marmaris\u2019te pek \u00e7ok noktay\u0131 etkisi alt\u0131na alan yang\u0131n afeti s\u0131ras\u0131nda MTO binas\u0131nda kurulan koordinasyon noktas\u0131 ile \u00f6zellikle itfaiye \u00e7al\u0131\u015fanlar\u0131, orman ekipleri ve vatanda\u015flar\u0131n ihtiya\u00e7lar\u0131n\u0131 kar\u015f\u0131lad\u0131klar\u0131n\u0131 belirten Ayhan yap\u0131lan \u00e7al\u0131\u015fmalar\u0131 hem TOBB\u2019a hem de Bakanl\u0131klara bildirdiklerini s\u00f6yledi. Ba\u015fkan Ayhan; \u201cYang\u0131n boyunca \u00e7al\u0131\u015fan araz\u00f6z ve su tankerlerinin denizden su ikmali yapabilmeleri i\u00e7in \u00e7ok say\u0131da dalg\u0131\u00e7 pompa ve bu cihazlara elektrik sa\u011flayacak jenerat\u00f6r temin ettik. Hisar\u00f6n\u00fc k\u00f6y\u00fcm\u00fcze konu\u015fland\u0131r\u0131lan Sahra hastanesine vas\u0131ta, jenerat\u00f6r ve di\u011fer gerekli malzemeleri temin ettik. Yang\u0131n esnas\u0131nda tahliye edilen vatanda\u015flar\u0131m\u0131za ve \u00e7evre illerden gelen ekiplere Odam\u0131z \u00fcyesi konaklama i\u015fletmelerinin deste\u011fiyle konaklama sa\u011flad\u0131k. TOBB\u2019un deste\u011fiyle yang\u0131n an\u0131nda ileti\u015fimin kesilmemesi i\u00e7in 3 adet gezici baz istasyonu kurdurduk. Yang\u0131n s\u0131ras\u0131nda g\u00fcvenli b\u00f6lge olu\u015fturulmas\u0131 i\u00e7in odam\u0131z\u0131n, \u00fcyelerimizin ve \u00e7evre odalar\u0131m\u0131z\u0131n deste\u011fiyle i\u015f makineleri ve onlarca benzinli testere temin edip yetkili kurumlara teslim ettik. Yang\u0131nla m\u00fccadele eden ara\u00e7lara ihtiya\u00e7 duyulan profesyonel ekipmanlar\u0131 ve ekiplerine yanmaz profesyonel k\u0131yafetler gibi di\u011fer ihtiya\u00e7 malzemelerini sa\u011flad\u0131k. Sahada \u00e7al\u0131\u015fan ara\u00e7lara, jenerat\u00f6rlere ve benzinli testerelere Odam\u0131z \u00fcyesi petrol istasyonlar\u0131ndan yak\u0131t temin ettik. \u0130lgili \u00fcyelerimizin deste\u011fiyle bozulan itfaiye ve yang\u0131na m\u00fcdahale ara\u00e7lar\u0131n\u0131n tamirini yapt\u0131rd\u0131k. 8 g\u00fcn boyunca yang\u0131nla m\u00fccadele eden resmi ve g\u00f6n\u00fcll\u00fc t\u00fcm ekiplere yang\u0131n s\u00f6nd\u00fcr\u00fcc\u00fc sentetik k\u00f6p\u00fck, g\u0131da, ila\u00e7, maske, kafa lambas\u0131, fener, pil, giysi, vb. malzemeleri temin ederek ilgili kurum ve yard\u0131m noktalar\u0131na teslim ettik. \u00c7evre il ve il\u00e7elerden her g\u00fcn t\u0131rlar dolusu buz getirttik, bunlar\u0131 saklamak i\u00e7in dipfriz ve \u00fcyelerimizden so\u011fuk hava deposu sa\u011flad\u0131k. Bu buzlar\u0131n Marmaris\u2019e getirilmesi ve yang\u0131n alanlar\u0131na ula\u015f\u0131m\u0131 i\u00e7in \u00fcyelerimizden ara\u00e7 temin ettik. Azerbaycan\u2019dan deste\u011fe gelen 105 Azeri karde\u015fimizin ve di\u011fer illerden gelen itfaiye ekiplerinin ula\u015f\u0131m\u0131n\u0131 ve ki\u015fisel ihtiya\u00e7lar\u0131n\u0131 kar\u015f\u0131lad\u0131k. Yang\u0131ndan etkilenen b\u00f6lgelere psikolojik destek sa\u011flanmas\u0131 i\u00e7in travma alan\u0131nda uzman psikolog ekip kurulmas\u0131na \u00f6nc\u00fcl\u00fck ederek, gerekli ara\u00e7 ve ekipmanlar\u0131n\u0131 temin ediyoruz. Elektrik olmayan k\u00f6ylerimizde ihtiya\u00e7 olan hanelere jenerat\u00f6r ve buzdolab\u0131 temin etmeye devam ediyoruz ve di\u011fer ihtiya\u00e7 sahiplerine olan deste\u011fimize de devam etmekteyiz\u201d \u015feklinde konu\u015ftu.<\/p>\n<p>&#8220;Marmaris \u00c7am Bal\u0131 en \u00f6nemli marka de\u011ferimiz&#8221;<\/p>\n<p>2019 y\u0131l\u0131nda MTO taraf\u0131ndan co\u011frafi i\u015fareti tescillettirilen Marmaris \u00c7am Bal\u0131 \u00fcretiminin yang\u0131n sebebiyle b\u00fcy\u00fck darbe ald\u0131\u011f\u0131n\u0131 s\u00f6yleyen MTO Ba\u015fkan\u0131 Ayhan, yeniden \u00fcretim yap\u0131labilmesi i\u00e7in gerekli alt yap\u0131 \u00e7al\u0131\u015fmalar\u0131n\u0131 ba\u015flatt\u0131klar\u0131n\u0131 a\u00e7\u0131klad\u0131. \u00d6zellikle Marmaris \u00c7am Bal\u0131 \u00fcretiminin y\u00fczde 64\u2019\u00fcn\u00fcn sa\u011fland\u0131\u011f\u0131 Osmaniye, Bay\u0131r, Hisar\u00f6n\u00fc, Orhaniye ve Turgut ormanlar\u0131n\u0131n yanmas\u0131 ile birlikte olu\u015facak \u00fcretim kayb\u0131n\u0131n en aza indirgenmesi i\u00e7in yayladaki kovanlar\u0131n yeni noktalara konu\u015fland\u0131r\u0131lmas\u0131 konusunda g\u00f6r\u00fc\u015fmeler yapt\u0131klar\u0131n\u0131 s\u00f6yledi. Ba\u015fkan Ayhan, \u201cYang\u0131n s\u0131ras\u0131nda mevsimsel nedenlerle 141 bin kovan\u0131m\u0131z Marmaris d\u0131\u015f\u0131nda bulunuyordu. \u00c7ok \u015f\u00fck\u00fcr buradaki kovanlar\u0131m\u0131zda bekledi\u011fimiz gibi b\u00fcy\u00fck bir hasar yok. Ar\u0131c\u0131lar\u0131m\u0131z Marmaris\u2019e d\u00f6nmeden \u00f6nce kovanlar\u0131n\u0131 yerle\u015ftirebilecekleri yeni k\u0131z\u0131l\u00e7am alanlar\u0131n\u0131 tespit edip haz\u0131rl\u0131\u011f\u0131m\u0131z\u0131 yapmak zorunday\u0131z. \u0130l\u00e7e Tar\u0131m M\u00fcd\u00fcrl\u00fc\u011f\u00fcm\u00fczle i\u015fbirli\u011fi i\u00e7inde \u00e7al\u0131\u015f\u0131yoruz. Tar\u0131m ve Orman Bakan Yard\u0131mc\u0131s\u0131 Ay\u015fin I\u015f\u0131kgece ile yapt\u0131\u011f\u0131m\u0131z g\u00f6r\u00fc\u015fme sonras\u0131 Milli Park alanlar\u0131 ar\u0131c\u0131lar\u0131m\u0131za a\u00e7\u0131ld\u0131. Yetersiz kalmas\u0131 halinde B plan\u0131m\u0131z haz\u0131r. En \u00f6nemli marka de\u011ferimize sahip \u00e7\u0131kmak bizim Marmaris\u2019e kar\u015f\u0131 en b\u00fcy\u00fck g\u00f6revimiz. Marmaris \u00c7am Bal\u0131 \u00fcretimi kald\u0131\u011f\u0131 yerden devam edecek\u201d ifadelerini kulland\u0131.<\/p>\n<p>&#8220;Vatanda\u015flar\u0131m\u0131z\u0131n yaralar\u0131n\u0131 saraca\u011f\u0131z&#8221;<\/p>\n<p>Yang\u0131n\u0131n Marmaris\u2019te sona ermesinin ard\u0131ndan hasar g\u00f6ren k\u00f6ylere ziyaret d\u00fczenleyerek hasar tespit \u00e7al\u0131\u015fmalar\u0131 yapt\u0131klar\u0131n\u0131 da ifade eden Ba\u015fkan Ayhan, en k\u0131sa s\u00fcrede t\u00fcm ihtiya\u00e7lar\u0131n kar\u015f\u0131lanmas\u0131 i\u00e7in giri\u015fimlerde bulunduklar\u0131n\u0131 s\u00f6yleyerek, \u201cYang\u0131n sonras\u0131 100\u2019\u00fcn \u00fczerinde aile maalesef evsiz kald\u0131. Marmaris Belediyesi ile i\u015fbirli\u011fi i\u00e7inde, hay\u0131rsever \u00fcyelerimizin de deste\u011fi ile bu ailelerimizin en k\u0131sa s\u00fcrede ihtiya\u00e7lar\u0131n\u0131 tamamlayaca\u011f\u0131z. Yaralar\u0131n h\u0131zl\u0131ca sar\u0131lmas\u0131 ve yanan ormanlar\u0131m\u0131z\u0131n rehabilitasyonu i\u00e7in MTO olarak yap\u0131labilecek her \u00e7al\u0131\u015fmada elimizi ta\u015f\u0131n alt\u0131na koyaca\u011f\u0131z\u201d diye konu\u015ftu.<\/p>\n<\/div>\n","protected":false},"excerpt":{"rendered":"<p>29 Temmuz g\u00fcn\u00fc ba\u015flayan ve Marmaris yar\u0131madas\u0131n\u0131n b\u00fcy\u00fck bir k\u0131sm\u0131n\u0131 yakarak k\u00fcle d\u00f6n\u00fc\u015ft\u00fcren yang\u0131n afetinin ard\u0131ndan MTO, yang\u0131n\u0131n boyutlar\u0131n\u0131 ve olu\u015fturdu\u011fu&#8230;<\/p>\n","protected":false},"author":2,"featured_media":4377,"comment_status":"closed","ping_status":"closed","sticky":false,"template":"","format":"standard","meta":{"footnotes":""},"categories":[10],"tags":[],"class_list":["post-4376","post","type-post","status-publish","format-standard","has-post-thumbnail","hentry","category-ekonomi"],"amp_enabled":true,"_links":{"self":[{"href":"https:\/\/istanbulchannel.net\/index.php\/wp-json\/wp\/v2\/posts\/4376","targetHints":{"allow":["GET"]}}],"collection":[{"href":"https:\/\/istanbulchannel.net\/index.php\/wp-json\/wp\/v2\/posts"}],"about":[{"href":"https:\/\/istanbulchannel.net\/index.php\/wp-json\/wp\/v2\/types\/post"}],"author":[{"embeddable":true,"href":"https:\/\/istanbulchannel.net\/index.php\/wp-json\/wp\/v2\/users\/2"}],"replies":[{"embeddable":true,"href":"https:\/\/istanbulchannel.net\/index.php\/wp-json\/wp\/v2\/comments?post=4376"}],"version-history":[{"count":0,"href":"https:\/\/istanbulchannel.net\/index.php\/wp-json\/wp\/v2\/posts\/4376\/revisions"}],"wp:featuredmedia":[{"embeddable":true,"href":"https:\/\/istanbulchannel.net\/index.php\/wp-json\/wp\/v2\/media\/4377"}],"wp:attachment":[{"href":"https:\/\/istanbulchannel.net\/index.php\/wp-json\/wp\/v2\/media?parent=4376"}],"wp:term":[{"taxonomy":"category","embeddable":true,"href":"https:\/\/istanbulchannel.net\/index.php\/wp-json\/wp\/v2\/categories?post=4376"},{"taxonomy":"post_tag","embeddable":true,"href":"https:\/\/istanbulchannel.net\/index.php\/wp-json\/wp\/v2\/tags?post=4376"}],"curies":[{"name":"wp","href":"https:\/\/api.w.org\/{rel}","templated":true}]}}