{"id":4150,"date":"2021-08-09T12:44:45","date_gmt":"2021-08-09T12:44:45","guid":{"rendered":"https:\/\/haberglobal.com.tr\/kultur-sanat\/cekemezler-sevgimizi-nin-bestekari-hayatini-kaybetti-yilmaz-yuksel-kimdir-125230"},"modified":"2021-08-09T12:44:45","modified_gmt":"2021-08-09T12:44:45","slug":"efsane-sarkilarin-bestekari-hayatini-kaybetti","status":"publish","type":"post","link":"https:\/\/istanbulchannel.net\/index.php\/2021\/08\/09\/efsane-sarkilarin-bestekari-hayatini-kaybetti\/","title":{"rendered":"Efsane \u015fark\u0131lar\u0131n bestekar\u0131 hayat\u0131n\u0131 kaybetti"},"content":{"rendered":"<div class=\"media_block\"><\/div>\n<div><img decoding=\"async\" src=\"https:\/\/istanbulchannel.net\/wp-content\/uploads\/2021\/08\/efsane-sarkilarin-bestekari-hayatini-kaybetti.jpg\" class=\"ff-og-image-inserted\"><\/div>\n<p>Ac\u0131 haber ses sanat\u00e7\u0131s\u0131 Onur Akay duyurdu:&#8217;1937 do\u011fumlu hocam\u0131z, 8 A\u011fustos 2021 Pazar g\u00fcn\u00fc hayata g\u00f6zlerini yumdu. Bir\u00e7ok \u00f6nemli bestede imzas\u0131 olan de\u011ferli bestek\u00e2r\u0131m\u0131za Allah&#8217;tan rahmet dilerim&#8221;<\/p>\n<p>TRT Genel M\u00fcd\u00fcr\u00fc Mehmet Zahid Sobac\u0131 da payla\u015f\u0131m\u0131nda, &#8220;TRT ailesinin k\u0131ymetli isimlerinden bestekar ve udi Y\u0131lmaz Y\u00fcksel&#8217;in vefat\u0131n\u0131 \u00fcz\u00fcnt\u00fcyle \u00f6\u011frendim. Uzun y\u0131llar TRT \u0130zmir Radyosu&#8217;nda ud sanat\u00e7\u0131s\u0131, koro \u015fefi ve y\u00f6netici olarak g\u00f6rev yapm\u0131\u015ft\u0131. Merhuma Allah&#8217;tan rahmet, ailesi ve sevenlerine ba\u015fsa\u011fl\u0131\u011f\u0131 diliyorum&#8221; ifadelerini kulland\u0131.<\/p>\n<p>TRT Ankara Radyosu&#8217;na 1969&#8217;da ud sanat\u00e7\u0131s\u0131 olarak giren Y\u00fcksel, TRT \u0130zmir Radyosu&#8217;nda uzun y\u0131llar koro \u015fefi, ud sanat\u00e7\u0131s\u0131 ve y\u00f6netici olarak g\u00f6rev yapt\u0131.<\/p>\n<p>Sanat\u00e7\u0131, &#8220;G\u00f6nl\u00fcme Gir Do\u011f G\u00fcne\u015fim&#8221;, &#8220;\u00c7ekemezler Sevgimizi&#8221;, &#8220;\u00d6yle G\u00fczel ki G\u00f6zlerin&#8221;, &#8220;\u00d6mr\u00fcm\u00fc \u00c7alan Y\u0131llar&#8221;, &#8220;Seni Kendime Candan&#8221;, &#8220;Ya\u011fmurlar Ya\u011fsa da&#8221; ve &#8220;Bahar\u0131n G\u00fclleri Solana Kadar&#8221;\u0131n aralar\u0131nda bulundu\u011fu 116 besteye imza att\u0131.&nbsp;<\/p>\n<p>Y\u0131lmaz Y\u00fcksel, d\u00fcn ak\u015fam TRT Na\u011fme&#8217;de yay\u0131nlanan &#8220;G\u00f6n\u00fcl Ustalar\u0131m\u0131z Program\u0131&#8221;yla an\u0131ld\u0131. Programda sanat\u00e7\u0131n\u0131n r\u00f6portaj ve eserlerine yer verildi.<\/p>\n","protected":false},"excerpt":{"rendered":"<p>&lt;p&gt;Ac\u0131 haber ses sanat\u00e7\u0131s\u0131 Onur Akay duyurdu:&#039;1937 do\u011fumlu hocam\u0131z, 8 A\u011fustos 2021 Pazar g\u00fcn\u00fc hayata g\u00f6zlerini yumdu. Bir\u00e7ok \u00f6nemli bestede imzas\u0131&#8230;<\/p>\n","protected":false},"author":2,"featured_media":4151,"comment_status":"closed","ping_status":"closed","sticky":false,"template":"","format":"standard","meta":{"footnotes":""},"categories":[184],"tags":[],"class_list":["post-4150","post","type-post","status-publish","format-standard","has-post-thumbnail","hentry","category-kultur-sanat"],"amp_enabled":true,"_links":{"self":[{"href":"https:\/\/istanbulchannel.net\/index.php\/wp-json\/wp\/v2\/posts\/4150","targetHints":{"allow":["GET"]}}],"collection":[{"href":"https:\/\/istanbulchannel.net\/index.php\/wp-json\/wp\/v2\/posts"}],"about":[{"href":"https:\/\/istanbulchannel.net\/index.php\/wp-json\/wp\/v2\/types\/post"}],"author":[{"embeddable":true,"href":"https:\/\/istanbulchannel.net\/index.php\/wp-json\/wp\/v2\/users\/2"}],"replies":[{"embeddable":true,"href":"https:\/\/istanbulchannel.net\/index.php\/wp-json\/wp\/v2\/comments?post=4150"}],"version-history":[{"count":0,"href":"https:\/\/istanbulchannel.net\/index.php\/wp-json\/wp\/v2\/posts\/4150\/revisions"}],"wp:featuredmedia":[{"embeddable":true,"href":"https:\/\/istanbulchannel.net\/index.php\/wp-json\/wp\/v2\/media\/4151"}],"wp:attachment":[{"href":"https:\/\/istanbulchannel.net\/index.php\/wp-json\/wp\/v2\/media?parent=4150"}],"wp:term":[{"taxonomy":"category","embeddable":true,"href":"https:\/\/istanbulchannel.net\/index.php\/wp-json\/wp\/v2\/categories?post=4150"},{"taxonomy":"post_tag","embeddable":true,"href":"https:\/\/istanbulchannel.net\/index.php\/wp-json\/wp\/v2\/tags?post=4150"}],"curies":[{"name":"wp","href":"https:\/\/api.w.org\/{rel}","templated":true}]}}