{"id":3970,"date":"2021-08-17T09:24:30","date_gmt":"2021-08-17T09:24:30","guid":{"rendered":"https:\/\/haberglobal.com.tr\/gundem\/kastamonu-bozkurt-taki-coken-8-katli-olcer-apartmani-nda-oturan-genc-13-kisiyi-cikmaya-ikna-ederek-kurtardi-126780"},"modified":"2021-08-17T09:24:30","modified_gmt":"2021-08-17T09:24:30","slug":"apartman-yikilmadan-13-kisiyi-cikmaya-ikna-ederek-kurtardi","status":"publish","type":"post","link":"https:\/\/istanbulchannel.net\/index.php\/2021\/08\/17\/apartman-yikilmadan-13-kisiyi-cikmaya-ikna-ederek-kurtardi\/","title":{"rendered":"Apartman y\u0131k\u0131lmadan 13 ki\u015fiyi \u00e7\u0131kmaya ikna ederek kurtard\u0131"},"content":{"rendered":"<div class=\"media_block\"><\/div>\n<p>Bozkurt&#8217;ta meydana gelen sel felaketinde 8 katl\u0131, 32 daireden olu\u015fan \u00d6l\u00e7er Apartman\u0131, Ezine \u00c7ay\u0131&#8217;n\u0131n ta\u015fmas\u0131ndan yakla\u015f\u0131k 6 saat sonra y\u0131k\u0131ld\u0131. Binan\u0131n 8&#8217;inci kat\u0131nda oturan \u00fcniversiteli \u00d6zcan Acar, sel sular\u0131n\u0131n y\u00fckselmesiyle binan\u0131n salland\u0131\u011f\u0131n\u0131 fark edince d\u0131\u015far\u0131 \u00e7\u0131kmak istedi. Acar, suyun y\u00fckselmesi nedeniyle alt katlardan \u00fcst katlara \u00e7\u0131kanlar\u0131 da d\u0131\u015far\u0131 \u00e7\u0131kmalar\u0131 i\u00e7in ikna etmeye \u00e7al\u0131\u015ft\u0131. Acar, annesi, k\u0131z karde\u015fi ve babaannesiyle birlikte ikna etti\u011fi 13 ki\u015fiyle binan\u0131n arka taraf\u0131nda 1&#8217;inci kattaki dairenin balkonundan atlad\u0131. 13 ki\u015fi, kar\u015f\u0131dan at\u0131lan ipe tutunarak kurtuldu. Dakikalar sonra ise \u00d6l\u00e7er Apartman\u0131 y\u0131k\u0131ld\u0131.<\/p>\n<p><strong>&#8220;HAYATTA OLDU\u011eUMUZA \u0130NANAMIYORUM&#8221;<\/strong><\/p>\n<p>\u00d6zcan Acar, sel sular\u0131n\u0131n y\u00fckselmesiyle d\u0131\u015far\u0131da olan babas\u0131n\u0131n kendisini telefonla arayarak uyard\u0131\u011f\u0131n\u0131 s\u00f6yledi. Acar, yakla\u015f\u0131k 3 saat binada kald\u0131klar\u0131n\u0131 ve apartman\u0131n sallanmaya ba\u015flad\u0131\u011f\u0131n\u0131 fark etti\u011fini anlatarak, &#8220;Herkes \u00fcst kata bizim eve ka\u00e7\u0131yordu. Onlara da apartman\u0131n y\u0131k\u0131laca\u011f\u0131n\u0131, salland\u0131\u011f\u0131n\u0131 s\u00f6yledim; ama gelmediler. Kimisi \u00e7ocuklar\u0131n\u0131n bo\u011fulmas\u0131ndan endi\u015fe etti kimisi de binan\u0131n daha yeni oldu\u011funu ve y\u0131k\u0131lmayaca\u011f\u0131n\u0131 s\u00f6yleyerek gelmedi. 20 kadar ki\u015fi binada kald\u0131. Apartmanda ba\u011f\u0131rmaya ba\u015flad\u0131m. &#8216;D\u0131\u015far\u0131 \u00e7\u0131kmam\u0131z laz\u0131m, herkes a\u015fa\u011f\u0131 insin&#8217; dedim. S\u00fcrekli ba\u011f\u0131r\u0131yordum. Zaten herkesin kap\u0131s\u0131 a\u00e7\u0131kt\u0131 sonra ikna ettiklerim oldu. 13 ki\u015fi h\u0131zla a\u015fa\u011f\u0131 indik. Elektrikler yoktu. \u00c7ok k\u00f6t\u00fcyd\u00fc. Birinci kattaki evin balkonundan atlad\u0131k. Su seviyesi g\u00f6\u011fs\u00fcm\u00fcze geliyordu. Kimimiz kumlara girdik. Gen\u00e7 olanlar uzun mesafe atlayabildi. Yan binaya ge\u00e7ip oradan \u00fc\u00e7 ki\u015finin att\u0131\u011f\u0131 ip ile kurtulduk. Hayatta oldu\u011fumuza hala inanam\u0131yorum&#8221; dedi.&nbsp;<\/p>\n<p class=\"content-image\"><img decoding=\"async\" src=\"https:\/\/istanbulchannel.net\/wp-content\/uploads\/2021\/08\/apartman-yikilmadan-13-kisiyi-cikmaya-ikna-ederek-kurtardi.jpg\" alt><\/p>\n<p><strong>&#8220;B\u0130Z \u00c7IKTIKTAN 20 DAK\u0130KA SONRA B\u0130NA YIKILDI&#8221;<\/strong><\/p>\n<p>\u00d6zcan Acar, 85 ya\u015f\u0131ndaki babaannesini de kurtard\u0131\u011f\u0131n\u0131 s\u00f6yleyerek, bu s\u0131rada a\u011flayan \u00e7ocuklardan \u00e7ok etkilendi\u011fini kaydetti. Acar, &#8220;Apartmanda \u00e7ocuklar vard\u0131, a\u011fl\u0131yorlard\u0131. Bana &#8216;A\u011fabey gitme, a\u011fabey ne yapaca\u011f\u0131z?&#8217; diyorlard\u0131. Apartman\u0131n y\u0131k\u0131laca\u011f\u0131n\u0131 s\u00f6yledim &#8216;Hemen a\u015fa\u011f\u0131 inmemiz laz\u0131m&#8217; dedim; ama gelmediler. \u0130kna edemedim. Korktular a\u015fa\u011f\u0131 inmekten, sele kap\u0131lacaklar\u0131n\u0131 d\u00fc\u015f\u00fcnd\u00fcler. Herkese s\u00f6yledim apartman\u0131n y\u0131k\u0131laca\u011f\u0131n\u0131, salland\u0131\u011f\u0131n\u0131 s\u00f6yledim; ama gelmediler. Kimisi \u00e7ocuklar\u0131n\u0131n bo\u011fulmas\u0131ndan endi\u015fe etti kimisi de binan\u0131n daha yeni oldu\u011funu ve y\u0131k\u0131lmayaca\u011f\u0131n\u0131 s\u00f6yleyerek gelmedi. 20 kadar ki\u015fi binada kald\u0131. Kurtulduk. Biz \u00e7\u0131kt\u0131ktan 20 dakika sonra bina y\u0131k\u0131ld\u0131&#8221; diye konu\u015ftu.<\/p>\n<p><strong>&#8220;KOM\u015eULARIMIZ \u00d6LD\u00dc&#8221;<\/strong><\/p>\n<p>\u200bBaba Ayhan Acar ise selin meydana geldi\u011fi g\u00fcn d\u0131\u015far\u0131da oldu\u011funu anlat\u0131rken, &#8220;Sel gelince binan\u0131n \u00e7aya bakan taraf\u0131nda duvar y\u0131k\u0131l\u0131yor. O\u011flum merdivenlerin gitti\u011fini ve binan\u0131n temelinin gitti\u011fini g\u00f6r\u00fcyor. Binan\u0131n y\u0131k\u0131laca\u011f\u0131n\u0131 tahmin ediyor. O anda merdiven ba\u015f\u0131nda \u0131\u015f\u0131klar yok. Ba\u011f\u0131r\u0131yor o\u011flum. Birinci kat\u0131n balkonundan arka binan\u0131n \u00e7evre duvar\u0131na ge\u00e7iyorlar. Oradan iple yukar\u0131daki mahalleye ge\u00e7iyorlar. Evim y\u0131k\u0131ld\u0131, can\u0131m\u0131z\u0131 kurtard\u0131\u011f\u0131m\u0131za \u015f\u00fckrediyoruz. Kom\u015fular\u0131m\u0131z \u00f6ld\u00fc&#8221; dedi.<\/p>\n<p>Kaynak: DHA<\/p>\n","protected":false},"excerpt":{"rendered":"<p>&lt;p&gt;Bozkurt&#039;ta meydana gelen sel felaketinde 8 katl\u0131, 32 daireden olu\u015fan \u00d6l\u00e7er Apartman\u0131, Ezine \u00c7ay\u0131&#039;n\u0131n ta\u015fmas\u0131ndan yakla\u015f\u0131k 6 saat sonra y\u0131k\u0131ld\u0131. Binan\u0131n&#8230;<\/p>\n","protected":false},"author":2,"featured_media":3971,"comment_status":"closed","ping_status":"closed","sticky":false,"template":"","format":"standard","meta":{"footnotes":""},"categories":[11,12,15],"tags":[],"class_list":["post-3970","post","type-post","status-publish","format-standard","has-post-thumbnail","hentry","category-genel","category-gundem","category-turkiye"],"amp_enabled":true,"_links":{"self":[{"href":"https:\/\/istanbulchannel.net\/index.php\/wp-json\/wp\/v2\/posts\/3970","targetHints":{"allow":["GET"]}}],"collection":[{"href":"https:\/\/istanbulchannel.net\/index.php\/wp-json\/wp\/v2\/posts"}],"about":[{"href":"https:\/\/istanbulchannel.net\/index.php\/wp-json\/wp\/v2\/types\/post"}],"author":[{"embeddable":true,"href":"https:\/\/istanbulchannel.net\/index.php\/wp-json\/wp\/v2\/users\/2"}],"replies":[{"embeddable":true,"href":"https:\/\/istanbulchannel.net\/index.php\/wp-json\/wp\/v2\/comments?post=3970"}],"version-history":[{"count":0,"href":"https:\/\/istanbulchannel.net\/index.php\/wp-json\/wp\/v2\/posts\/3970\/revisions"}],"wp:featuredmedia":[{"embeddable":true,"href":"https:\/\/istanbulchannel.net\/index.php\/wp-json\/wp\/v2\/media\/3971"}],"wp:attachment":[{"href":"https:\/\/istanbulchannel.net\/index.php\/wp-json\/wp\/v2\/media?parent=3970"}],"wp:term":[{"taxonomy":"category","embeddable":true,"href":"https:\/\/istanbulchannel.net\/index.php\/wp-json\/wp\/v2\/categories?post=3970"},{"taxonomy":"post_tag","embeddable":true,"href":"https:\/\/istanbulchannel.net\/index.php\/wp-json\/wp\/v2\/tags?post=3970"}],"curies":[{"name":"wp","href":"https:\/\/api.w.org\/{rel}","templated":true}]}}