{"id":3883,"date":"2021-08-17T05:56:11","date_gmt":"2021-08-17T05:56:11","guid":{"rendered":"https:\/\/haberglobal.com.tr\/dunya\/taliban-kadinlar-da-dahil-olmak-uzere-herkesi-ise-cagirdi-126722"},"modified":"2021-08-17T05:56:11","modified_gmt":"2021-08-17T05:56:11","slug":"taliban-kadinlar-da-dahil-olmak-uzere-herkesi-ise-cagirdi","status":"publish","type":"post","link":"https:\/\/istanbulchannel.net\/index.php\/2021\/08\/17\/taliban-kadinlar-da-dahil-olmak-uzere-herkesi-ise-cagirdi\/","title":{"rendered":"&#8220;Taliban, kad\u0131nlar da dahil olmak \u00fczere herkesi i\u015fe \u00e7a\u011f\u0131rd\u0131&#8221;"},"content":{"rendered":"<div class=\"media_block\"><\/div>\n<div><img decoding=\"async\" src=\"https:\/\/istanbulchannel.net\/wp-content\/uploads\/2021\/08\/taliban-kadinlar-da-dahil-olmak-uzere-herkesi-ise-cagirdi.jpg\" class=\"ff-og-image-inserted\"><\/div>\n<p>Ariana News&#8217;in haberine g\u00f6re, Taliban&#8217;\u0131n &#8216;halk\u0131 rahatlatmak i\u00e7in&#8217; kad\u0131nlar da dahil olmak \u00fczere t\u00fcm devlet \u00e7al\u0131\u015fanlar\u0131na i\u015fe d\u00f6nmeleri \u00e7a\u011fr\u0131s\u0131nda bulundu.<\/p>\n<blockquote class=\"noneditable twitter-tweet\" readability=\"5.9871244635193\">\n<p dir=\"ltr\" lang=\"en\">In a bid to reassure the nation, the <a href=\"https:\/\/twitter.com\/hashtag\/Taliban?src=hash&amp;ref_src=twsrc%5Etfw\" rel=\"nofollow\">#Taliban<\/a> on Monday called on all government employees, including women, to return to work. <a href=\"https:\/\/twitter.com\/hashtag\/ArianaNews?src=hash&amp;ref_src=twsrc%5Etfw\" rel=\"nofollow\">#ArianaNews<\/a> <a href=\"https:\/\/twitter.com\/hashtag\/Afghanistan?src=hash&amp;ref_src=twsrc%5Etfw\" rel=\"nofollow\">#Afghanistan<\/a> <a href=\"https:\/\/twitter.com\/hashtag\/Kabul?src=hash&amp;ref_src=twsrc%5Etfw\" rel=\"nofollow\">#Kabul<\/a> <a href=\"https:\/\/t.co\/PyWzwGjWuL\" rel=\"nofollow\">pic.twitter.com\/PyWzwGjWuL<\/a><\/p>\n<p>\u2014 Ariana News (@ArianaNews_) <a href=\"https:\/\/twitter.com\/ArianaNews_\/status\/1427501563095003140?ref_src=twsrc%5Etfw\" rel=\"nofollow\">August 17, 2021<\/a>\n<\/p><\/blockquote>\n<p><strong>GENEL AF \u0130LAN ETT\u0130LER<\/strong><\/p>\n<p>Taliban&#8217;\u0131n Afganistan&#8217;da y\u00f6netimi ele ge\u00e7irmesinin ard\u0131ndan, devrilen h\u00fck\u00fcmetin yetkilileri i\u00e7in genel af ilan edildi. Taliban, \u00fclkede y\u00f6netimi ele ge\u00e7irmesinin ard\u0131ndan t\u00fcm h\u00fck\u00fcmet yetkilileri i\u00e7in genel af ilan etti.<\/p>\n<p>\u00d6rg\u00fct ayr\u0131ca, insanlar\u0131 &#8216;i\u015flerine geri d\u00f6nmeye&#8217; \u00e7a\u011f\u0131rd\u0131. Yap\u0131lan a\u00e7\u0131klamada, &#8220;Rutin hayat\u0131n\u0131za g\u00fcven i\u00e7erisinde ba\u015flamas\u0131n\u0131z&#8221; ifadeleri kullan\u0131ld\u0131.<\/p>\n","protected":false},"excerpt":{"rendered":"<p>&lt;p&gt;Ariana News&#039;in haberine g\u00f6re, Taliban&#039;\u0131n &#039;halk\u0131 rahatlatmak i\u00e7in&#039; kad\u0131nlar da dahil olmak \u00fczere t\u00fcm devlet \u00e7al\u0131\u015fanlar\u0131na i\u015fe d\u00f6nmeleri \u00e7a\u011fr\u0131s\u0131nda bulundu.&lt;\/p&gt;<br \/>\n&lt;p&gt;&amp;nbsp;&lt;\/p&gt;<br \/>\n&lt;blockquote class=&quot;noneditable&#8230;<\/p>\n","protected":false},"author":2,"featured_media":3884,"comment_status":"closed","ping_status":"closed","sticky":false,"template":"","format":"standard","meta":{"footnotes":""},"categories":[9],"tags":[],"class_list":["post-3883","post","type-post","status-publish","format-standard","has-post-thumbnail","hentry","category-dunya"],"amp_enabled":true,"_links":{"self":[{"href":"https:\/\/istanbulchannel.net\/index.php\/wp-json\/wp\/v2\/posts\/3883","targetHints":{"allow":["GET"]}}],"collection":[{"href":"https:\/\/istanbulchannel.net\/index.php\/wp-json\/wp\/v2\/posts"}],"about":[{"href":"https:\/\/istanbulchannel.net\/index.php\/wp-json\/wp\/v2\/types\/post"}],"author":[{"embeddable":true,"href":"https:\/\/istanbulchannel.net\/index.php\/wp-json\/wp\/v2\/users\/2"}],"replies":[{"embeddable":true,"href":"https:\/\/istanbulchannel.net\/index.php\/wp-json\/wp\/v2\/comments?post=3883"}],"version-history":[{"count":0,"href":"https:\/\/istanbulchannel.net\/index.php\/wp-json\/wp\/v2\/posts\/3883\/revisions"}],"wp:featuredmedia":[{"embeddable":true,"href":"https:\/\/istanbulchannel.net\/index.php\/wp-json\/wp\/v2\/media\/3884"}],"wp:attachment":[{"href":"https:\/\/istanbulchannel.net\/index.php\/wp-json\/wp\/v2\/media?parent=3883"}],"wp:term":[{"taxonomy":"category","embeddable":true,"href":"https:\/\/istanbulchannel.net\/index.php\/wp-json\/wp\/v2\/categories?post=3883"},{"taxonomy":"post_tag","embeddable":true,"href":"https:\/\/istanbulchannel.net\/index.php\/wp-json\/wp\/v2\/tags?post=3883"}],"curies":[{"name":"wp","href":"https:\/\/api.w.org\/{rel}","templated":true}]}}