{"id":37870,"date":"2026-05-01T12:12:22","date_gmt":"2026-05-01T12:12:22","guid":{"rendered":"https:\/\/istanbulchannel.net\/?p=37870"},"modified":"2026-05-01T14:49:04","modified_gmt":"2026-05-01T14:49:04","slug":"zerrin-ozerin-abla-acisi-tulay-ozer-hayatini-kaybetti","status":"publish","type":"post","link":"https:\/\/istanbulchannel.net\/index.php\/2026\/05\/01\/zerrin-ozerin-abla-acisi-tulay-ozer-hayatini-kaybetti\/","title":{"rendered":"Zerrin \u00d6zer&#8217;in abla ac\u0131s\u0131&#8230; T\u00fclay \u00d6zer hayat\u0131n\u0131 kaybetti&#8230;"},"content":{"rendered":"\n<p><strong>70&#8217;li y\u0131llarda yay\u0131nlad\u0131\u011f\u0131 alb\u00fcmler ile T\u00fcrk m\u00fczi\u011fine damga vuran T\u00fclay \u00d6zer, hayat\u0131n\u0131 kaybetti.<\/strong><\/p>\n\n\n\n<p>Zerrin \u00d6zer&#8217;in ablas\u0131 olan ve karde\u015fini m\u00fczik d\u00fcnyas\u0131na kazand\u0131ran T\u00fclay \u00d6zer 79 ya\u015f\u0131ndayd\u0131..<\/p>\n\n\n\n<figure class=\"wp-block-image size-large\"><img loading=\"lazy\" decoding=\"async\" width=\"767\" height=\"600\" src=\"https:\/\/istanbulchannel.net\/wp-content\/uploads\/2026\/05\/1001253912-767x600.jpg\" alt=\"\" class=\"wp-image-37871\" srcset=\"https:\/\/istanbulchannel.net\/wp-content\/uploads\/2026\/05\/1001253912-767x600.jpg 767w, https:\/\/istanbulchannel.net\/wp-content\/uploads\/2026\/05\/1001253912-300x235.jpg 300w, https:\/\/istanbulchannel.net\/wp-content\/uploads\/2026\/05\/1001253912-768x600.jpg 768w, https:\/\/istanbulchannel.net\/wp-content\/uploads\/2026\/05\/1001253912.jpg 770w\" sizes=\"auto, (max-width: 767px) 100vw, 767px\" \/><\/figure>\n\n\n\n<p><strong>CENAZES\u0130 YARIN<\/strong><\/p>\n\n\n\n<p>T\u00fclay \u00d6zer, 2 May\u0131s Cumartesi g\u00fcn\u00fc son yolculu\u011funa u\u011furlanacak.<\/p>\n\n\n\n<p>\u00d6zer,&nbsp; \u00f6\u011fle namaz\u0131na m\u00fcteakip Zincirlikuyu Mezarl\u0131\u011f\u0131 Camii\u2019nde k\u0131l\u0131nacak cenaze namaz\u0131n\u0131n ard\u0131ndan Zincirlikuyu Mezarl\u0131\u011f\u0131\u2019nda defnedilecek.<\/p>\n\n\n\n<figure class=\"wp-block-image size-full\"><img loading=\"lazy\" decoding=\"async\" width=\"750\" height=\"422\" src=\"https:\/\/istanbulchannel.net\/wp-content\/uploads\/2026\/05\/1001253913.jpg\" alt=\"\" class=\"wp-image-37872\" srcset=\"https:\/\/istanbulchannel.net\/wp-content\/uploads\/2026\/05\/1001253913.jpg 750w, https:\/\/istanbulchannel.net\/wp-content\/uploads\/2026\/05\/1001253913-300x169.jpg 300w\" sizes=\"auto, (max-width: 750px) 100vw, 750px\" \/><\/figure>\n\n\n\n<p><strong>RAK\u0130P DE\u011e\u0130L, DESTEK\u00c7\u0130..<\/strong><\/p>\n\n\n\n<p>T\u00fclay \u00d6zer, m\u00fczik kariyerine 1974 y\u0131l\u0131nda yay\u0131mlad\u0131\u011f\u0131 ilk 45\u2019li\u011fi \u201cGel Art\u0131k \/ Niye \u00c7att\u0131n Ka\u015flar\u0131n\u0131\u201d ile ad\u0131m att\u0131. Sanat\u00e7\u0131n\u0131n as\u0131l \u00e7\u0131k\u0131\u015f\u0131 ise 1975 y\u0131l\u0131nda ger\u00e7ekle\u015fti. Ayn\u0131 y\u0131l\u0131n ba\u015f\u0131nda Kent Plak etiketiyle piyasaya \u00e7\u0131kan \u201c\u0130kimiz Bir Fidan\u0131z \/ Son \u00dcmit\u201d adl\u0131 45\u2019lik, T\u00fclay\u2019a k\u0131sa s\u00fcrede geni\u015f bir dinleyici kitlesi kazand\u0131rd\u0131. Sanat\u00e7\u0131, ilk kez sahne ald\u0131\u011f\u0131 \u0130zmir Fuar\u0131\u2019nda bu ba\u015far\u0131s\u0131n\u0131n kar\u015f\u0131l\u0131\u011f\u0131n\u0131 Alt\u0131n Plak \u00d6d\u00fcl\u00fc ile ald\u0131.<\/p>\n\n\n\n<figure class=\"wp-block-image size-full\"><img loading=\"lazy\" decoding=\"async\" width=\"770\" height=\"597\" src=\"https:\/\/istanbulchannel.net\/wp-content\/uploads\/2026\/05\/1001253917.jpg\" alt=\"\" class=\"wp-image-37873\" srcset=\"https:\/\/istanbulchannel.net\/wp-content\/uploads\/2026\/05\/1001253917.jpg 770w, https:\/\/istanbulchannel.net\/wp-content\/uploads\/2026\/05\/1001253917-300x233.jpg 300w, https:\/\/istanbulchannel.net\/wp-content\/uploads\/2026\/05\/1001253917-768x595.jpg 768w\" sizes=\"auto, (max-width: 770px) 100vw, 770px\" \/><\/figure>\n\n\n\n<p>T\u00fclay \u00d6zer, 1975\u2019in sonlar\u0131na do\u011fru yay\u0131mlad\u0131\u011f\u0131 \u201cDeli Etme Beni A\u015fk \/ Neden Ayr\u0131ld\u0131k\u201d adl\u0131 ikinci hit 45\u2019li\u011fiyle ba\u015far\u0131s\u0131n\u0131 s\u00fcrd\u00fcrd\u00fc ve 1976 y\u0131l\u0131na da damga vuran isimlerden biri oldu. Sanat\u00e7\u0131, bir ucu Anadolu pop\u2019a di\u011fer ucu arabesk m\u00fczi\u011fe uzanan \u00e7izgide, Esin Engin d\u00fczenlemeleriyle dikkat \u00e7eken \u015fark\u0131lar seslendirdi. Bu d\u00f6nemde a\u011f\u0131rl\u0131kl\u0131 olarak Hakk\u0131 Bulut ve Bora Ayano\u011flu gibi \u00f6nemli bestecilerin eserlerini yeniden yorumlad\u0131.<\/p>\n\n\n\n<figure class=\"wp-block-image size-large\"><img loading=\"lazy\" decoding=\"async\" width=\"767\" height=\"600\" src=\"https:\/\/istanbulchannel.net\/wp-content\/uploads\/2026\/05\/1001253912-1-767x600.jpg\" alt=\"\" class=\"wp-image-37874\" srcset=\"https:\/\/istanbulchannel.net\/wp-content\/uploads\/2026\/05\/1001253912-1-767x600.jpg 767w, https:\/\/istanbulchannel.net\/wp-content\/uploads\/2026\/05\/1001253912-1-300x235.jpg 300w, https:\/\/istanbulchannel.net\/wp-content\/uploads\/2026\/05\/1001253912-1-768x600.jpg 768w, https:\/\/istanbulchannel.net\/wp-content\/uploads\/2026\/05\/1001253912-1.jpg 770w\" sizes=\"auto, (max-width: 767px) 100vw, 767px\" \/><\/figure>\n\n\n\n<p>Sanat\u00e7\u0131n\u0131n ilk uzun\u00e7alar\u0131 (LP), 1976 y\u0131l\u0131nda Kent Plak etiketiyle yay\u0131mland\u0131. \u0130kinci LP\u2019si \u201cSeven A\u011flat\u0131lmaz\u201d ise 1978 y\u0131l\u0131n\u0131n sonunda yine ayn\u0131 \u015firket taraf\u0131ndan m\u00fczikseverlerle bulu\u015ftu. T\u00fclay \u00d6zer, ayn\u0131 y\u0131l bu kez bir Sezen Aksu bestesi olan \u201cB\u00fckl\u00fcm B\u00fckl\u00fcm\u201d\u00fc 45\u2019lik olarak yay\u0131mlayarak plak listelerinde bir kez daha zirveye \u00e7\u0131kt\u0131. Bu eser, sanat\u00e7\u0131n\u0131n listelerdeki son b\u00fcy\u00fck \u00e7\u0131k\u0131\u015f\u0131 oldu.<\/p>\n\n\n\n<p>kaynak:hurriyet.com.tr\/kelebek<\/p>\n","protected":false},"excerpt":{"rendered":"<p>70&#8217;li y\u0131llarda yay\u0131nlad\u0131\u011f\u0131 alb\u00fcmler ile T\u00fcrk m\u00fczi\u011fine damga vuran T\u00fclay \u00d6zer, hayat\u0131n\u0131 kaybetti. Zerrin \u00d6zer&#8217;in ablas\u0131 olan ve karde\u015fini m\u00fczik d\u00fcnyas\u0131na kazand\u0131ran T\u00fclay \u00d6zer<\/p>\n","protected":false},"author":2,"featured_media":37874,"comment_status":"closed","ping_status":"closed","sticky":false,"template":"","format":"standard","meta":{"footnotes":""},"categories":[11,12,184,1,185,15],"tags":[1653,275,1652],"class_list":["post-37870","post","type-post","status-publish","format-standard","has-post-thumbnail","hentry","category-genel","category-gundem","category-kultur-sanat","category-magazin","category-manset","category-turkiye","tag-tulay-ozer","tag-vefat","tag-zerrin-ozer"],"_links":{"self":[{"href":"https:\/\/istanbulchannel.net\/index.php\/wp-json\/wp\/v2\/posts\/37870","targetHints":{"allow":["GET"]}}],"collection":[{"href":"https:\/\/istanbulchannel.net\/index.php\/wp-json\/wp\/v2\/posts"}],"about":[{"href":"https:\/\/istanbulchannel.net\/index.php\/wp-json\/wp\/v2\/types\/post"}],"author":[{"embeddable":true,"href":"https:\/\/istanbulchannel.net\/index.php\/wp-json\/wp\/v2\/users\/2"}],"replies":[{"embeddable":true,"href":"https:\/\/istanbulchannel.net\/index.php\/wp-json\/wp\/v2\/comments?post=37870"}],"version-history":[{"count":1,"href":"https:\/\/istanbulchannel.net\/index.php\/wp-json\/wp\/v2\/posts\/37870\/revisions"}],"predecessor-version":[{"id":37875,"href":"https:\/\/istanbulchannel.net\/index.php\/wp-json\/wp\/v2\/posts\/37870\/revisions\/37875"}],"wp:featuredmedia":[{"embeddable":true,"href":"https:\/\/istanbulchannel.net\/index.php\/wp-json\/wp\/v2\/media\/37874"}],"wp:attachment":[{"href":"https:\/\/istanbulchannel.net\/index.php\/wp-json\/wp\/v2\/media?parent=37870"}],"wp:term":[{"taxonomy":"category","embeddable":true,"href":"https:\/\/istanbulchannel.net\/index.php\/wp-json\/wp\/v2\/categories?post=37870"},{"taxonomy":"post_tag","embeddable":true,"href":"https:\/\/istanbulchannel.net\/index.php\/wp-json\/wp\/v2\/tags?post=37870"}],"curies":[{"name":"wp","href":"https:\/\/api.w.org\/{rel}","templated":true}]}}