{"id":37858,"date":"2026-04-28T09:08:20","date_gmt":"2026-04-28T09:08:20","guid":{"rendered":"https:\/\/istanbulchannel.net\/?p=37858"},"modified":"2026-04-28T09:08:21","modified_gmt":"2026-04-28T09:08:21","slug":"12-yillik-evlilik-bitti-pelin-karahan-ile-bedri-guntay-bosandi","status":"publish","type":"post","link":"https:\/\/istanbulchannel.net\/index.php\/2026\/04\/28\/12-yillik-evlilik-bitti-pelin-karahan-ile-bedri-guntay-bosandi\/","title":{"rendered":"12 y\u0131ll\u0131k evlilik bitti&#8230; Pelin Karahan ile Bedri G\u00fcntay bo\u015fand\u0131!"},"content":{"rendered":"\n<p><strong>Bir s\u00fcredir ayr\u0131l\u0131k haberleriyle g\u00fcndemde olan Pelin Karahan ve Bedri G\u00fcntay 12 y\u0131ll\u0131k evliliklerini bitirdi.<\/strong><\/p>\n\n\n\n<figure class=\"wp-block-image\"><img decoding=\"async\" src=\"https:\/\/image.hurimg.com\/i\/hurriyet\/90\/750x422\/69f070ac3a5a98d212b115cf.jpg\" alt=\"12 y\u0131ll\u0131k evlilik bitti... Pelin Karahan ile Bedri G\u00fcntay bo\u015fand\u0131\" title=\"12 y\u0131ll\u0131k evlilik bitti... Pelin Karahan ile Bedri G\u00fcntay bo\u015fand\u0131\"\/><\/figure>\n\n\n\n<p>Anla\u015fmal\u0131 olarak tek celsede bo\u015fanan \u00e7ift, ayr\u0131l\u0131k sonras\u0131 ortak a\u00e7\u0131klama yapt\u0131.<\/p>\n\n\n\n<p><em>&#8220;Kamuoyuna sayg\u0131yla duyurulur, Bug\u00fcn itibar\u0131yla evlili\u011fimizi, kar\u015f\u0131l\u0131kl\u0131 sevgi ve sayg\u0131 \u00e7er\u00e7evesinde, anla\u015fmal\u0131 olarak sonland\u0131rm\u0131\u015f bulunmaktay\u0131z.<\/em><\/p>\n\n\n\n<figure class=\"wp-block-image size-large\"><img loading=\"lazy\" decoding=\"async\" width=\"664\" height=\"600\" src=\"https:\/\/istanbulchannel.net\/wp-content\/uploads\/2026\/04\/1001247820-664x600.jpg\" alt=\"\" class=\"wp-image-37859\" srcset=\"https:\/\/istanbulchannel.net\/wp-content\/uploads\/2026\/04\/1001247820-664x600.jpg 664w, https:\/\/istanbulchannel.net\/wp-content\/uploads\/2026\/04\/1001247820-300x271.jpg 300w, https:\/\/istanbulchannel.net\/wp-content\/uploads\/2026\/04\/1001247820-768x694.jpg 768w, https:\/\/istanbulchannel.net\/wp-content\/uploads\/2026\/04\/1001247820.jpg 770w\" sizes=\"auto, (max-width: 664px) 100vw, 664px\" \/><\/figure>\n\n\n\n<p><em>Bundan sonraki s\u00fcre\u00e7te de. iki \u00e7ocu\u011fumuzun ebeveynleri olarak ortak sorumlulu\u011fumuz ve birbirimize duydu\u011fumuz sayg\u0131 devam edecektir. \u00c7ocuklar\u0131m\u0131z\u0131n \u00fcst\u00fcn yarar\u0131n\u0131n korunmas\u0131 ve geli\u015fim s\u00fcre\u00e7lerinin olumsuz etkilenmemesi ad\u0131na, bas\u0131n mensuplar\u0131n\u0131n ve kamuoyunun, aile hayat\u0131m\u0131z\u0131n gizlili\u011fine gerekli hassasiyeti g\u00f6stermesini \u00f6nemle rica ederiz.<\/em><\/p>\n\n\n\n<p><em>Bu konuya ili\u015fkin yapaca\u011f\u0131m\u0131z tek ve nihai a\u00e7\u0131klama i\u015fbu metindir.<\/em><\/p>\n\n\n\n<p><em>Sayg\u0131lar\u0131m\u0131zla\u2026<\/em><\/p>\n\n\n\n<p><em>Bedri G\u00fcntay &#8211; Pelin Karahan&#8221;<\/em><\/p>\n\n\n\n<figure class=\"wp-block-image size-full\"><img loading=\"lazy\" decoding=\"async\" width=\"750\" height=\"422\" src=\"https:\/\/istanbulchannel.net\/wp-content\/uploads\/2026\/04\/1001247819.jpg\" alt=\"\" class=\"wp-image-37860\" srcset=\"https:\/\/istanbulchannel.net\/wp-content\/uploads\/2026\/04\/1001247819.jpg 750w, https:\/\/istanbulchannel.net\/wp-content\/uploads\/2026\/04\/1001247819-300x169.jpg 300w\" sizes=\"auto, (max-width: 750px) 100vw, 750px\" \/><\/figure>\n\n\n\n<p>kaynak:hurriyet.com.tr\/kelebek<\/p>\n","protected":false},"excerpt":{"rendered":"<p>Bir s\u00fcredir ayr\u0131l\u0131k haberleriyle g\u00fcndemde olan Pelin Karahan ve Bedri G\u00fcntay 12 y\u0131ll\u0131k evliliklerini bitirdi. Anla\u015fmal\u0131 olarak tek celsede bo\u015fanan \u00e7ift, ayr\u0131l\u0131k sonras\u0131 ortak<\/p>\n","protected":false},"author":2,"featured_media":37860,"comment_status":"closed","ping_status":"closed","sticky":false,"template":"","format":"standard","meta":{"footnotes":""},"categories":[11,12,1,185,15,188,411],"tags":[1646,436,1645],"class_list":["post-37858","post","type-post","status-publish","format-standard","has-post-thumbnail","hentry","category-genel","category-gundem","category-magazin","category-manset","category-turkiye","category-yasam","category-yerel","tag-bedri-guntay","tag-bosanma","tag-pelin-karahan"],"_links":{"self":[{"href":"https:\/\/istanbulchannel.net\/index.php\/wp-json\/wp\/v2\/posts\/37858","targetHints":{"allow":["GET"]}}],"collection":[{"href":"https:\/\/istanbulchannel.net\/index.php\/wp-json\/wp\/v2\/posts"}],"about":[{"href":"https:\/\/istanbulchannel.net\/index.php\/wp-json\/wp\/v2\/types\/post"}],"author":[{"embeddable":true,"href":"https:\/\/istanbulchannel.net\/index.php\/wp-json\/wp\/v2\/users\/2"}],"replies":[{"embeddable":true,"href":"https:\/\/istanbulchannel.net\/index.php\/wp-json\/wp\/v2\/comments?post=37858"}],"version-history":[{"count":1,"href":"https:\/\/istanbulchannel.net\/index.php\/wp-json\/wp\/v2\/posts\/37858\/revisions"}],"predecessor-version":[{"id":37861,"href":"https:\/\/istanbulchannel.net\/index.php\/wp-json\/wp\/v2\/posts\/37858\/revisions\/37861"}],"wp:featuredmedia":[{"embeddable":true,"href":"https:\/\/istanbulchannel.net\/index.php\/wp-json\/wp\/v2\/media\/37860"}],"wp:attachment":[{"href":"https:\/\/istanbulchannel.net\/index.php\/wp-json\/wp\/v2\/media?parent=37858"}],"wp:term":[{"taxonomy":"category","embeddable":true,"href":"https:\/\/istanbulchannel.net\/index.php\/wp-json\/wp\/v2\/categories?post=37858"},{"taxonomy":"post_tag","embeddable":true,"href":"https:\/\/istanbulchannel.net\/index.php\/wp-json\/wp\/v2\/tags?post=37858"}],"curies":[{"name":"wp","href":"https:\/\/api.w.org\/{rel}","templated":true}]}}