{"id":37855,"date":"2026-04-27T14:25:43","date_gmt":"2026-04-27T14:25:43","guid":{"rendered":"https:\/\/istanbulchannel.net\/?p=37855"},"modified":"2026-04-27T14:25:44","modified_gmt":"2026-04-27T14:25:44","slug":"ardanin-ardindan-hakan-calhanoglu-da-sezonu-kapatti","status":"publish","type":"post","link":"https:\/\/istanbulchannel.net\/index.php\/2026\/04\/27\/ardanin-ardindan-hakan-calhanoglu-da-sezonu-kapatti\/","title":{"rendered":"Arda&#8217;n\u0131n ard\u0131ndan Hakan \u00c7alhano\u011flu da sezonu kapatt\u0131"},"content":{"rendered":"\n<p><strong>Milli y\u0131ld\u0131z Arda G\u00fcler&#8217;in ard\u0131ndan Hakan \u00c7alhano\u011flu da kul\u00fcb\u00fcnde sakatland\u0131. Milli y\u0131ld\u0131zlar sezonu kapatt\u0131.<\/strong><\/p>\n\n\n\n<p>Arda G\u00fcler&#8217;in Real Madrid&#8217;de sakatlanmas\u0131n\u0131n ard\u0131ndan bir milli y\u0131ld\u0131zdan daha k\u00f6t\u00fc haber geldi. Kariyerine Inter&#8217;de devam eden\u00a0Hakan \u00c7alhamo\u011flu da sakatland\u0131.<\/p>\n\n\n\n<p>\u0130talyan bas\u0131n\u0131 \u00c7alhano\u011flu&#8217;nun son durumunu duyurdu. \u00c7alhano\u011flu, ya\u015fad\u0131\u011f\u0131 sakatl\u0131k nedeniyle sezonun kalan\u0131nda forma giyemeyecek.<\/p>\n\n\n\n<figure class=\"wp-block-image size-full\"><img loading=\"lazy\" decoding=\"async\" width=\"375\" height=\"211\" src=\"https:\/\/istanbulchannel.net\/wp-content\/uploads\/2026\/04\/1001246352.webp\" alt=\"\" class=\"wp-image-37856\" srcset=\"https:\/\/istanbulchannel.net\/wp-content\/uploads\/2026\/04\/1001246352.webp 375w, https:\/\/istanbulchannel.net\/wp-content\/uploads\/2026\/04\/1001246352-300x169.webp 300w\" sizes=\"auto, (max-width: 375px) 100vw, 375px\" \/><\/figure>\n\n\n\n<p>Milli futbolcunun D\u00fcnya Kupas\u0131&#8217;na yeti\u015ftirilmesi hedefleniyor.<br><br><strong>ARDA DA SAKATLANMI\u015eTI<\/strong><\/p>\n\n\n\n<p>Real Madrid, 24 Nisan&#8217;da Arda G\u00fcler&#8217;in sakatl\u0131\u011f\u0131n\u0131 duyumu\u015ftu.&nbsp;<\/p>\n\n\n\n<p>Sakatl\u0131\u011f\u0131n\u0131n 3-4 hafta s\u00fcrmesi beklenen Arda \u00f6zel olarak \u00e7al\u0131\u015fmalar\u0131n\u0131 s\u00fcrd\u00fcr\u00fcyor.<\/p>\n\n\n\n<p>A Milli Tak\u0131m, D\u00fcnya Kupas\u0131&#8217;ndaki ilk ma\u00e7\u0131n\u0131 14 Haziran&#8217;da Avustralya&#8217;ya kar\u015f\u0131 daha sonra 20 Haziran&#8217;da Paraguay, 26 Haziran&#8217;da ise ABD ile oynayacak.<\/p>\n\n\n\n<p>kaynak:ntv.com.tr<\/p>\n","protected":false},"excerpt":{"rendered":"<p>Milli y\u0131ld\u0131z Arda G\u00fcler&#8217;in ard\u0131ndan Hakan \u00c7alhano\u011flu da kul\u00fcb\u00fcnde sakatland\u0131. Milli y\u0131ld\u0131zlar sezonu kapatt\u0131. Arda G\u00fcler&#8217;in Real Madrid&#8217;de sakatlanmas\u0131n\u0131n ard\u0131ndan bir milli y\u0131ld\u0131zdan daha<\/p>\n","protected":false},"author":2,"featured_media":37856,"comment_status":"closed","ping_status":"closed","sticky":false,"template":"","format":"standard","meta":{"footnotes":""},"categories":[9,11,12,185,14,15],"tags":[1642,1643,1644],"class_list":["post-37855","post","type-post","status-publish","format-standard","has-post-thumbnail","hentry","category-dunya","category-genel","category-gundem","category-manset","category-spor","category-turkiye","tag-arda-guler","tag-hakan-calhanoglu","tag-sakatlik"],"_links":{"self":[{"href":"https:\/\/istanbulchannel.net\/index.php\/wp-json\/wp\/v2\/posts\/37855","targetHints":{"allow":["GET"]}}],"collection":[{"href":"https:\/\/istanbulchannel.net\/index.php\/wp-json\/wp\/v2\/posts"}],"about":[{"href":"https:\/\/istanbulchannel.net\/index.php\/wp-json\/wp\/v2\/types\/post"}],"author":[{"embeddable":true,"href":"https:\/\/istanbulchannel.net\/index.php\/wp-json\/wp\/v2\/users\/2"}],"replies":[{"embeddable":true,"href":"https:\/\/istanbulchannel.net\/index.php\/wp-json\/wp\/v2\/comments?post=37855"}],"version-history":[{"count":1,"href":"https:\/\/istanbulchannel.net\/index.php\/wp-json\/wp\/v2\/posts\/37855\/revisions"}],"predecessor-version":[{"id":37857,"href":"https:\/\/istanbulchannel.net\/index.php\/wp-json\/wp\/v2\/posts\/37855\/revisions\/37857"}],"wp:featuredmedia":[{"embeddable":true,"href":"https:\/\/istanbulchannel.net\/index.php\/wp-json\/wp\/v2\/media\/37856"}],"wp:attachment":[{"href":"https:\/\/istanbulchannel.net\/index.php\/wp-json\/wp\/v2\/media?parent=37855"}],"wp:term":[{"taxonomy":"category","embeddable":true,"href":"https:\/\/istanbulchannel.net\/index.php\/wp-json\/wp\/v2\/categories?post=37855"},{"taxonomy":"post_tag","embeddable":true,"href":"https:\/\/istanbulchannel.net\/index.php\/wp-json\/wp\/v2\/tags?post=37855"}],"curies":[{"name":"wp","href":"https:\/\/api.w.org\/{rel}","templated":true}]}}