{"id":37656,"date":"2026-03-16T12:54:51","date_gmt":"2026-03-16T12:54:51","guid":{"rendered":"https:\/\/istanbulchannel.net\/?p=37656"},"modified":"2026-03-19T12:23:34","modified_gmt":"2026-03-19T12:23:34","slug":"ilber-ortayliya-son-veda-fatih-camii-haziresine-defnedilecek","status":"publish","type":"post","link":"https:\/\/istanbulchannel.net\/index.php\/2026\/03\/16\/ilber-ortayliya-son-veda-fatih-camii-haziresine-defnedilecek\/","title":{"rendered":"\u0130lber Ortayl\u0131&#8217;ya son veda. Fatih Camii Haziresi&#8217;ne defnedilecek"},"content":{"rendered":"\n<p><strong>Prof. Dr. \u0130lber Ortayl\u0131, hayat\u0131n\u0131 kaybetti. 78 ya\u015f\u0131nda hayata veda eden ve bug\u00fcn son yolculu\u011funa u\u011furlanan Ortayl\u0131 i\u00e7in ilk t\u00f6ren Galatasaray \u00dcniversitesi&#8217;nde d\u00fczenlendi.<\/strong><\/p>\n\n\n\n<figure class=\"wp-block-image size-full\"><img loading=\"lazy\" decoding=\"async\" width=\"880\" height=\"495\" src=\"https:\/\/istanbulchannel.net\/wp-content\/uploads\/2026\/03\/1001173039.webp\" alt=\"\" class=\"wp-image-37657\" srcset=\"https:\/\/istanbulchannel.net\/wp-content\/uploads\/2026\/03\/1001173039.webp 880w, https:\/\/istanbulchannel.net\/wp-content\/uploads\/2026\/03\/1001173039-300x169.webp 300w, https:\/\/istanbulchannel.net\/wp-content\/uploads\/2026\/03\/1001173039-768x432.webp 768w\" sizes=\"auto, (max-width: 880px) 100vw, 880px\" \/><\/figure>\n\n\n\n<p>T\u00fcrkiye&#8217;nin \u0130lber hocas\u0131, tarih\u00e7i \u0130lber Ortayl\u0131, 13 Mart 2026&#8217;da tedavi g\u00f6rd\u00fc\u011f\u00fc hastanede hayat\u0131n\u0131 kaybetti. \u00c7oklu organ yetmezli\u011fi nedeniyle ya\u015fam\u0131n\u0131 yitiren \u0130lber Ortayl\u0131 bug\u00fcn son yolculu\u011funa u\u011furlan\u0131yor.<\/p>\n\n\n\n<p>50&#8217;den fazla esere imza atan duayen isim i\u00e7in Galatasaray \u00dcniversitesi&#8217;nde d\u00fczenlenen anma t\u00f6reni saat 11.00&#8217;de ba\u015flad\u0131.&nbsp;<\/p>\n\n\n\n<p>78 ya\u015f\u0131nda aram\u0131zdan ayr\u0131lan \u0130lber Ortayl\u0131&#8217;n\u0131n k\u0131z\u0131 Tuna Ortayl\u0131, duygular\u0131n\u0131 \u201cBu kadar sevildi\u011fini bilmek ac\u0131m\u0131z\u0131 dindiriyor\u201d diye ifade etti.<\/p>\n\n\n\n<figure class=\"wp-block-image size-large\"><img loading=\"lazy\" decoding=\"async\" width=\"709\" height=\"600\" src=\"https:\/\/istanbulchannel.net\/wp-content\/uploads\/2026\/03\/1001173040-709x600.webp\" alt=\"\" class=\"wp-image-37658\" srcset=\"https:\/\/istanbulchannel.net\/wp-content\/uploads\/2026\/03\/1001173040-709x600.webp 709w, https:\/\/istanbulchannel.net\/wp-content\/uploads\/2026\/03\/1001173040-300x254.webp 300w, https:\/\/istanbulchannel.net\/wp-content\/uploads\/2026\/03\/1001173040-768x650.webp 768w, https:\/\/istanbulchannel.net\/wp-content\/uploads\/2026\/03\/1001173040.webp 880w\" sizes=\"auto, (max-width: 709px) 100vw, 709px\" \/><\/figure>\n\n\n\n<h2 class=\"wp-block-heading\">ORTAYLI&#8217;YA KIZI TUNA&#8217;DAN G\u00d6ZYA\u015eLARIYLA VEDA<\/h2>\n\n\n\n<p>\u0130lber Ortayl\u0131 i\u00e7in d\u00fczenlenen anma t\u00f6reninin yap\u0131ld\u0131\u011f\u0131 Galatasaray \u00dcniversitesi&#8217;nde yo\u011funluk ya\u015fand\u0131. T\u00fcrkiye&#8217;nin d\u00f6rt bir yan\u0131ndan hatta yurt d\u0131\u015f\u0131ndan bir\u00e7ok ki\u015fi t\u00f6ren i\u00e7in \u0130stanbul&#8217;a geldi.<\/p>\n\n\n\n<p>Ortayl\u0131&#8217;n\u0131n cenaze t\u00f6renine; yak\u0131n arkada\u015flar\u0131 Fatih Altayl\u0131, Prof. Dr. Celal \u015eeng\u00f6r, CHP Genel Ba\u015fkan\u0131 \u00d6zg\u00fcr \u00d6zel, Ankara B\u00fcy\u00fck\u015fehir Belediye Ba\u015fkan\u0131 Mansur Yava\u015f, sanat\u00e7\u0131 Candan Er\u00e7etin, Galatasaray Ba\u015fkan\u0131 Dursun \u00d6zbek gibi isimler kat\u0131ld\u0131.<\/p>\n\n\n\n<figure class=\"wp-block-image size-full\"><img loading=\"lazy\" decoding=\"async\" width=\"880\" height=\"495\" src=\"http:\/\/istanbulchannel.net\/wp-content\/uploads\/2026\/03\/1001168002-1.webp\" alt=\"\" class=\"wp-image-37649\" srcset=\"https:\/\/istanbulchannel.net\/wp-content\/uploads\/2026\/03\/1001168002-1.webp 880w, https:\/\/istanbulchannel.net\/wp-content\/uploads\/2026\/03\/1001168002-1-300x169.webp 300w, https:\/\/istanbulchannel.net\/wp-content\/uploads\/2026\/03\/1001168002-1-768x432.webp 768w\" sizes=\"auto, (max-width: 880px) 100vw, 880px\" \/><\/figure>\n\n\n\n<p>\u0130lber Ortayl\u0131&#8217;n\u0131n k\u0131z\u0131 t\u00f6rendeki konu\u015fmas\u0131nda g\u00f6zya\u015flar\u0131na bo\u011fuldu. Tuna Ortayl\u0131 \u201cD\u00fc\u015f\u00fcn\u00fcnce hayat\u0131n\u0131 dolu dolu ya\u015fam\u0131\u015f ama hala ya\u015famaya doyamam\u0131\u015f bu adamla baba olarak daha gezilecek \u00e7ok yer, torunlar\u0131yla ge\u00e7irece\u011fi \u00e7ok vakit, yap\u0131lacak \u00e7ok i\u015f ve g\u00fcl\u00fcnecek \u00e7ok an vard\u0131. Ben kendisiyle ilgili olarak bir tek bunlara hay\u0131flan\u0131yorum. Umar\u0131m sizler de \u0130lber Hoca&#8217;y\u0131 d\u00fc\u015f\u00fcn\u00fcnce sadece birlikte yap\u0131lmam\u0131\u015f \u015feylerin buruklu\u011funu hissediyorsunuzdur\u201d ifadelerini kulland\u0131.<\/p>\n\n\n\n<p>Candan Er\u00e7etin de \u00fcz\u00fcnt\u00fcs\u00fcn\u00fc \u201c\u0130lber Hoca&#8217;m\u0131z sadece akademi camias\u0131n\u0131n de\u011fil, memleketin b\u00fcy\u00fck kayb\u0131. Onun bir yerlerde var oldu\u011funu bilmek bizi huzurlu k\u0131l\u0131yordu. Yeri doldurulur mu? \u00c7ok zor\u2026 San\u0131r\u0131m esas \u00fcz\u00fcnt\u00fcm\u00fcz bundan kaynakl\u0131. \u00c7ok \u00fczg\u00fcn\u00fcm. hayat bu ne yaparsak yapal\u0131m ba\u015fl\u0131yor ve bitiyor\u201d s\u00f6zleriyle dile getirdi.<\/p>\n\n\n\n<p>kaynak:ntv.com.tr<\/p>\n","protected":false},"excerpt":{"rendered":"<p>Prof. Dr. \u0130lber Ortayl\u0131, hayat\u0131n\u0131 kaybetti. 78 ya\u015f\u0131nda hayata veda eden ve bug\u00fcn son yolculu\u011funa u\u011furlanan Ortayl\u0131 i\u00e7in ilk t\u00f6ren Galatasaray \u00dcniversitesi&#8217;nde d\u00fczenlendi. T\u00fcrkiye&#8217;nin<\/p>\n","protected":false},"author":2,"featured_media":37657,"comment_status":"closed","ping_status":"closed","sticky":false,"template":"","format":"standard","meta":{"footnotes":""},"categories":[11,12,185,15,188],"tags":[1420,1587],"class_list":["post-37656","post","type-post","status-publish","format-standard","has-post-thumbnail","hentry","category-genel","category-gundem","category-manset","category-turkiye","category-yasam","tag-cenaze-toreni","tag-ilber-ortayli"],"_links":{"self":[{"href":"https:\/\/istanbulchannel.net\/index.php\/wp-json\/wp\/v2\/posts\/37656","targetHints":{"allow":["GET"]}}],"collection":[{"href":"https:\/\/istanbulchannel.net\/index.php\/wp-json\/wp\/v2\/posts"}],"about":[{"href":"https:\/\/istanbulchannel.net\/index.php\/wp-json\/wp\/v2\/types\/post"}],"author":[{"embeddable":true,"href":"https:\/\/istanbulchannel.net\/index.php\/wp-json\/wp\/v2\/users\/2"}],"replies":[{"embeddable":true,"href":"https:\/\/istanbulchannel.net\/index.php\/wp-json\/wp\/v2\/comments?post=37656"}],"version-history":[{"count":1,"href":"https:\/\/istanbulchannel.net\/index.php\/wp-json\/wp\/v2\/posts\/37656\/revisions"}],"predecessor-version":[{"id":37659,"href":"https:\/\/istanbulchannel.net\/index.php\/wp-json\/wp\/v2\/posts\/37656\/revisions\/37659"}],"wp:featuredmedia":[{"embeddable":true,"href":"https:\/\/istanbulchannel.net\/index.php\/wp-json\/wp\/v2\/media\/37657"}],"wp:attachment":[{"href":"https:\/\/istanbulchannel.net\/index.php\/wp-json\/wp\/v2\/media?parent=37656"}],"wp:term":[{"taxonomy":"category","embeddable":true,"href":"https:\/\/istanbulchannel.net\/index.php\/wp-json\/wp\/v2\/categories?post=37656"},{"taxonomy":"post_tag","embeddable":true,"href":"https:\/\/istanbulchannel.net\/index.php\/wp-json\/wp\/v2\/tags?post=37656"}],"curies":[{"name":"wp","href":"https:\/\/api.w.org\/{rel}","templated":true}]}}