{"id":37647,"date":"2026-03-13T13:09:34","date_gmt":"2026-03-13T13:09:34","guid":{"rendered":"https:\/\/istanbulchannel.net\/?p=37647"},"modified":"2026-03-13T23:26:24","modified_gmt":"2026-03-13T23:26:24","slug":"ilber-ortayli-hayatini-kaybetti","status":"publish","type":"post","link":"https:\/\/istanbulchannel.net\/index.php\/2026\/03\/13\/ilber-ortayli-hayatini-kaybetti\/","title":{"rendered":"\u0130lber Ortayl\u0131 hayat\u0131n\u0131 kaybetti"},"content":{"rendered":"\n<p><strong>Bir s\u00fcredir yo\u011fun bak\u0131mda tedavi alt\u0131nda olan tarih\u00e7i ve yazar Prof. Dr. \u0130lber Ortayl\u0131&#8217;dan ac\u0131 haber geldi. 78 ya\u015f\u0131ndaki Ortayl\u0131 hayat\u0131n\u0131 kaybetti.<\/strong><\/p>\n\n\n\n<figure class=\"wp-block-image size-full\"><img loading=\"lazy\" decoding=\"async\" width=\"880\" height=\"495\" src=\"https:\/\/istanbulchannel.net\/wp-content\/uploads\/2026\/03\/1001168002.webp\" alt=\"\" class=\"wp-image-37648\" srcset=\"https:\/\/istanbulchannel.net\/wp-content\/uploads\/2026\/03\/1001168002.webp 880w, https:\/\/istanbulchannel.net\/wp-content\/uploads\/2026\/03\/1001168002-300x169.webp 300w, https:\/\/istanbulchannel.net\/wp-content\/uploads\/2026\/03\/1001168002-768x432.webp 768w\" sizes=\"auto, (max-width: 880px) 100vw, 880px\" \/><\/figure>\n\n\n\n<p>T\u00fcrkiye&#8217;nin en \u00f6nemli tarih\u00e7ilerinden Prof. Dr. \u0130lber Ortayl\u0131&#8217;dan ac\u0131 haber geldi. Bir s\u00fcredir sa\u011fl\u0131k sorunlar\u0131yla m\u00fccadele eden Ortayl\u0131, ge\u00e7ti\u011fimiz per\u015fembe g\u00fcn\u00fc rahats\u0131zl\u0131klar\u0131n\u0131n tekrar n\u00fcksetmesinin ard\u0131ndan Ko\u00e7 \u00dcniversitesi Hastanesi&#8217;ne yat\u0131r\u0131lm\u0131\u015ft\u0131.<\/p>\n\n\n\n<p>Bir s\u00fcre bilinci a\u00e7\u0131k devam eden tedavisinin ard\u0131ndan yo\u011fun bak\u0131ma al\u0131nan \u00fcnl\u00fc tarih\u00e7i, pazar g\u00fcn\u00fc itibar\u0131yla da ent\u00fcbe edilmi\u015fti. Ancak \u0130lber Ortayl\u0131&#8217;dan \u00fczen haber geldi.<\/p>\n\n\n\n<figure class=\"wp-block-image size-full\"><img loading=\"lazy\" decoding=\"async\" width=\"880\" height=\"495\" src=\"https:\/\/istanbulchannel.net\/wp-content\/uploads\/2026\/03\/1001168002-1.webp\" alt=\"\" class=\"wp-image-37649\" srcset=\"https:\/\/istanbulchannel.net\/wp-content\/uploads\/2026\/03\/1001168002-1.webp 880w, https:\/\/istanbulchannel.net\/wp-content\/uploads\/2026\/03\/1001168002-1-300x169.webp 300w, https:\/\/istanbulchannel.net\/wp-content\/uploads\/2026\/03\/1001168002-1-768x432.webp 768w\" sizes=\"auto, (max-width: 880px) 100vw, 880px\" \/><\/figure>\n\n\n\n<p>78 ya\u015f\u0131ndaki Ortayl\u0131, bug\u00fcn tedavi g\u00f6rd\u00fc\u011f\u00fc hastanede hayat\u0131n\u0131 kaybetti. Cenaze program\u0131na ili\u015fkin ailesinden herhangi bir a\u00e7\u0131klama yap\u0131lmad\u0131.<\/p>\n\n\n\n<p>kaynak:ntv.com.tr<\/p>\n","protected":false},"excerpt":{"rendered":"<p>Bir s\u00fcredir yo\u011fun bak\u0131mda tedavi alt\u0131nda olan tarih\u00e7i ve yazar Prof. Dr. \u0130lber Ortayl\u0131&#8217;dan ac\u0131 haber geldi. 78 ya\u015f\u0131ndaki Ortayl\u0131 hayat\u0131n\u0131 kaybetti. T\u00fcrkiye&#8217;nin en<\/p>\n","protected":false},"author":2,"featured_media":37649,"comment_status":"closed","ping_status":"closed","sticky":false,"template":"","format":"standard","meta":{"footnotes":""},"categories":[11,12,185,15],"tags":[1587,275],"class_list":["post-37647","post","type-post","status-publish","format-standard","has-post-thumbnail","hentry","category-genel","category-gundem","category-manset","category-turkiye","tag-ilber-ortayli","tag-vefat"],"_links":{"self":[{"href":"https:\/\/istanbulchannel.net\/index.php\/wp-json\/wp\/v2\/posts\/37647","targetHints":{"allow":["GET"]}}],"collection":[{"href":"https:\/\/istanbulchannel.net\/index.php\/wp-json\/wp\/v2\/posts"}],"about":[{"href":"https:\/\/istanbulchannel.net\/index.php\/wp-json\/wp\/v2\/types\/post"}],"author":[{"embeddable":true,"href":"https:\/\/istanbulchannel.net\/index.php\/wp-json\/wp\/v2\/users\/2"}],"replies":[{"embeddable":true,"href":"https:\/\/istanbulchannel.net\/index.php\/wp-json\/wp\/v2\/comments?post=37647"}],"version-history":[{"count":1,"href":"https:\/\/istanbulchannel.net\/index.php\/wp-json\/wp\/v2\/posts\/37647\/revisions"}],"predecessor-version":[{"id":37650,"href":"https:\/\/istanbulchannel.net\/index.php\/wp-json\/wp\/v2\/posts\/37647\/revisions\/37650"}],"wp:featuredmedia":[{"embeddable":true,"href":"https:\/\/istanbulchannel.net\/index.php\/wp-json\/wp\/v2\/media\/37649"}],"wp:attachment":[{"href":"https:\/\/istanbulchannel.net\/index.php\/wp-json\/wp\/v2\/media?parent=37647"}],"wp:term":[{"taxonomy":"category","embeddable":true,"href":"https:\/\/istanbulchannel.net\/index.php\/wp-json\/wp\/v2\/categories?post=37647"},{"taxonomy":"post_tag","embeddable":true,"href":"https:\/\/istanbulchannel.net\/index.php\/wp-json\/wp\/v2\/tags?post=37647"}],"curies":[{"name":"wp","href":"https:\/\/api.w.org\/{rel}","templated":true}]}}