{"id":3757,"date":"2021-08-16T22:05:22","date_gmt":"2021-08-16T22:05:22","guid":{"rendered":"https:\/\/haberglobal.com.tr\/gundem\/istanbul-beylikduzu-nde-3-yasindaki-zumra-nur-un-feci-olumu-126695"},"modified":"2021-08-16T22:05:22","modified_gmt":"2021-08-16T22:05:22","slug":"istanbulda-3-yasindaki-zumra-nurun-feci-olumu","status":"publish","type":"post","link":"https:\/\/istanbulchannel.net\/index.php\/2021\/08\/16\/istanbulda-3-yasindaki-zumra-nurun-feci-olumu\/","title":{"rendered":"\u0130stanbul&#8217;da 3 ya\u015f\u0131ndaki Z\u00fcmra Nur&#8217;un feci \u00f6l\u00fcm\u00fc"},"content":{"rendered":"<div class=\"media_block\"><\/div>\n<div><img decoding=\"async\" src=\"https:\/\/istanbulchannel.net\/wp-content\/uploads\/2021\/08\/istanbulda-3-yasindaki-zumra-nurun-feci-olumu.jpg\" class=\"ff-og-image-inserted\"><\/div>\n<p>Olay, saat 19.00 s\u0131ralar\u0131nda Beylikd\u00fcz\u00fc Kavakl\u0131 Mahallesi S\u00fct\u00e7\u00fc \u0130mam sokakta meydana geldi. Edinilen bilgiye g\u00f6re 3 ya\u015f\u0131ndaki Z\u00fcmra Nur isimli k\u0131z \u00e7ocu\u011fu ak\u015fam saatlerinde kayboldu. \u00c7ocu\u011fun kayboldu\u011funu duyan mahalleli sakinleri \u00e7ocu\u011fu aramak i\u00e7in \u00e7al\u0131\u015fmalara ba\u015flad\u0131.<\/p>\n<p>Mahalleli vatanda\u015flar k\u0131z \u00e7ocu\u011funu arad\u0131klar\u0131 esnada apartman\u0131n asans\u00f6r bo\u015flu\u011funda \u00e7ocu\u011fu bayg\u0131n ve a\u011f\u0131r yaral\u0131 \u015fekilde buldu. Mahalliler durumu itfaiye ekiplerine haber verdi. \u0130hbar \u00fczerine olay yerine gelen itfaiye ekipleri k\u00fc\u00e7\u00fck k\u0131z\u0131 asans\u00f6r bo\u015flu\u011funda \u00e7\u0131kararak sa\u011fl\u0131k ekiplerine teslim etti.<\/p>\n<p>Hastaneye kald\u0131r\u0131lan 3 ya\u015f\u0131ndaki k\u0131z \u00e7ocu\u011fu t\u00fcm m\u00fcdahalelere ra\u011fmen kurtar\u0131lamayarak hayat\u0131n\u0131 kaybetti. Polis ekipleri k\u00fc\u00e7\u00fck k\u0131z\u0131n \u015f\u00fcpheli \u00f6l\u00fcm\u00fcne ili\u015fkin geni\u015f \u00e7apl\u0131 \u00e7al\u0131\u015fma ba\u015flat\u0131rken olay yeri inceleme ekipleri de apartman i\u00e7inde ve \u00e7evresinde incelemelerde bulundu.<\/p>\n<p>Olayla ilgili ara\u015ft\u0131rma devam ediyor.<\/p>\n<p>Kaynak: \u0130HA<\/p>\n","protected":false},"excerpt":{"rendered":"<p>&lt;p&gt;Olay, saat 19.00 s\u0131ralar\u0131nda Beylikd\u00fcz\u00fc Kavakl\u0131 Mahallesi S\u00fct\u00e7\u00fc \u0130mam sokakta meydana geldi. Edinilen bilgiye g\u00f6re 3 ya\u015f\u0131ndaki Z\u00fcmra Nur isimli k\u0131z&#8230;<\/p>\n","protected":false},"author":2,"featured_media":3758,"comment_status":"closed","ping_status":"closed","sticky":false,"template":"","format":"standard","meta":{"footnotes":""},"categories":[11,12,15],"tags":[],"class_list":["post-3757","post","type-post","status-publish","format-standard","has-post-thumbnail","hentry","category-genel","category-gundem","category-turkiye"],"amp_enabled":true,"_links":{"self":[{"href":"https:\/\/istanbulchannel.net\/index.php\/wp-json\/wp\/v2\/posts\/3757","targetHints":{"allow":["GET"]}}],"collection":[{"href":"https:\/\/istanbulchannel.net\/index.php\/wp-json\/wp\/v2\/posts"}],"about":[{"href":"https:\/\/istanbulchannel.net\/index.php\/wp-json\/wp\/v2\/types\/post"}],"author":[{"embeddable":true,"href":"https:\/\/istanbulchannel.net\/index.php\/wp-json\/wp\/v2\/users\/2"}],"replies":[{"embeddable":true,"href":"https:\/\/istanbulchannel.net\/index.php\/wp-json\/wp\/v2\/comments?post=3757"}],"version-history":[{"count":0,"href":"https:\/\/istanbulchannel.net\/index.php\/wp-json\/wp\/v2\/posts\/3757\/revisions"}],"wp:featuredmedia":[{"embeddable":true,"href":"https:\/\/istanbulchannel.net\/index.php\/wp-json\/wp\/v2\/media\/3758"}],"wp:attachment":[{"href":"https:\/\/istanbulchannel.net\/index.php\/wp-json\/wp\/v2\/media?parent=3757"}],"wp:term":[{"taxonomy":"category","embeddable":true,"href":"https:\/\/istanbulchannel.net\/index.php\/wp-json\/wp\/v2\/categories?post=3757"},{"taxonomy":"post_tag","embeddable":true,"href":"https:\/\/istanbulchannel.net\/index.php\/wp-json\/wp\/v2\/tags?post=3757"}],"curies":[{"name":"wp","href":"https:\/\/api.w.org\/{rel}","templated":true}]}}