{"id":37565,"date":"2026-02-12T21:27:40","date_gmt":"2026-02-12T21:27:40","guid":{"rendered":"https:\/\/istanbulchannel.net\/?p=37565"},"modified":"2026-02-12T21:27:41","modified_gmt":"2026-02-12T21:27:41","slug":"cocuklarimi-orada-buyutecegim-10-sene-sonra-istanbulda-yasamam","status":"publish","type":"post","link":"https:\/\/istanbulchannel.net\/index.php\/2026\/02\/12\/cocuklarimi-orada-buyutecegim-10-sene-sonra-istanbulda-yasamam\/","title":{"rendered":"\u00c7ocuklar\u0131m\u0131 orada b\u00fcy\u00fctece\u011fim&#8230;. 10 sene sonra \u0130stanbul&#8217;da ya\u015famam!"},"content":{"rendered":"\n<p><strong>Zeynep Bast\u0131k, gelecek hayallerini anlatt\u0131: \u201c10 sene sonra kendimi h\u00e2l\u00e2 \u0130stanbul\u2019da ya\u015farken g\u00f6rm\u00fcyorum. Bir noktada \u00c7e\u015fme\u2019ye d\u00f6n\u00fcp t\u00fcm hayat\u0131m\u0131 orada devam ettirece\u011fimi ve sakinli\u011fi se\u00e7ece\u011fimi, \u00e7ocuklar\u0131m\u0131 orada b\u00fcy\u00fctece\u011fimi hissediyorum. Umar\u0131m \u00f6yle olur.\u201d<\/strong><\/p>\n\n\n\n<figure class=\"wp-block-image size-full\"><img loading=\"lazy\" decoding=\"async\" width=\"750\" height=\"422\" src=\"https:\/\/istanbulchannel.net\/wp-content\/uploads\/2026\/02\/1001121984.gif\" alt=\"\" class=\"wp-image-37566\"\/><\/figure>\n\n\n\n<p>Zeynep Bast\u0131k, Elele dergisinin yeni say\u0131s\u0131na konuk oldu. Bast\u0131k, \u201cUzun y\u0131llard\u0131r \u0130stanbul\u2019da ya\u015fasan\u0131z da \u0130zmir h\u00e2l\u00e2 hayat\u0131n\u0131z\u0131n bir par\u00e7as\u0131. Bir g\u00fcn yine farkl\u0131 bir \u015fehirde hayat\u0131n\u0131z\u0131n yeni bir d\u00f6nemini kurmak gibi bir hayaliniz var m\u0131?\u201d sorusuna \u015fu yan\u0131t\u0131 verdi:<\/p>\n\n\n\n<figure class=\"wp-block-image size-large\"><img loading=\"lazy\" decoding=\"async\" width=\"487\" height=\"600\" src=\"https:\/\/istanbulchannel.net\/wp-content\/uploads\/2026\/02\/1001121983-487x600.jpg\" alt=\"\" class=\"wp-image-37567\" srcset=\"https:\/\/istanbulchannel.net\/wp-content\/uploads\/2026\/02\/1001121983-487x600.jpg 487w, https:\/\/istanbulchannel.net\/wp-content\/uploads\/2026\/02\/1001121983-243x300.jpg 243w, https:\/\/istanbulchannel.net\/wp-content\/uploads\/2026\/02\/1001121983-768x947.jpg 768w, https:\/\/istanbulchannel.net\/wp-content\/uploads\/2026\/02\/1001121983.jpg 770w\" sizes=\"auto, (max-width: 487px) 100vw, 487px\" \/><\/figure>\n\n\n\n<p>\u201c\u0130zmir benim \u00e7ocuklu\u011fum, \u00f6zg\u00fcrl\u00fc\u011f\u00fcm, ne\u015fem, kahkaham, s\u0131rda\u015f\u0131m. Bir yan\u0131m hep oraya d\u00f6nmek istiyor, ayn\u0131 zamanda da bir taraf\u0131mla hep oraya d\u00f6nmem gerekti\u011fini hissediyorum. \u0130stanbul\u2019un da b\u00fcy\u00fcs\u00fc ve kalbimdeki yeri b\u00fcy\u00fck ve ba\u015fka. Fakat san\u0131yorum ki en fazla 10 sene sonra kendimi h\u00e2l\u00e2 \u0130stanbul\u2019da ya\u015farken g\u00f6rm\u00fcyorum. Bir noktada \u00c7e\u015fme\u2019ye d\u00f6n\u00fcp t\u00fcm hayat\u0131m\u0131 orada devam ettirece\u011fimi, d\u00fczenimi orada kuraca\u011f\u0131m\u0131 ve sakinli\u011fi se\u00e7ece\u011fimi, \u00e7ocuklar\u0131m\u0131 orada b\u00fcy\u00fctece\u011fimi hissediyorum. Umar\u0131m \u00f6yle olur.\u201d<\/p>\n","protected":false},"excerpt":{"rendered":"<p>Zeynep Bast\u0131k, gelecek hayallerini anlatt\u0131: \u201c10 sene sonra kendimi h\u00e2l\u00e2 \u0130stanbul\u2019da ya\u015farken g\u00f6rm\u00fcyorum. Bir noktada \u00c7e\u015fme\u2019ye d\u00f6n\u00fcp t\u00fcm hayat\u0131m\u0131 orada devam ettirece\u011fimi ve sakinli\u011fi<\/p>\n","protected":false},"author":2,"featured_media":37566,"comment_status":"closed","ping_status":"closed","sticky":false,"template":"","format":"standard","meta":{"footnotes":""},"categories":[11,12,184,1,185,15,188],"tags":[264,1570],"class_list":["post-37565","post","type-post","status-publish","format-standard","has-post-thumbnail","hentry","category-genel","category-gundem","category-kultur-sanat","category-magazin","category-manset","category-turkiye","category-yasam","tag-izmir","tag-zeynep-bastik"],"_links":{"self":[{"href":"https:\/\/istanbulchannel.net\/index.php\/wp-json\/wp\/v2\/posts\/37565","targetHints":{"allow":["GET"]}}],"collection":[{"href":"https:\/\/istanbulchannel.net\/index.php\/wp-json\/wp\/v2\/posts"}],"about":[{"href":"https:\/\/istanbulchannel.net\/index.php\/wp-json\/wp\/v2\/types\/post"}],"author":[{"embeddable":true,"href":"https:\/\/istanbulchannel.net\/index.php\/wp-json\/wp\/v2\/users\/2"}],"replies":[{"embeddable":true,"href":"https:\/\/istanbulchannel.net\/index.php\/wp-json\/wp\/v2\/comments?post=37565"}],"version-history":[{"count":1,"href":"https:\/\/istanbulchannel.net\/index.php\/wp-json\/wp\/v2\/posts\/37565\/revisions"}],"predecessor-version":[{"id":37568,"href":"https:\/\/istanbulchannel.net\/index.php\/wp-json\/wp\/v2\/posts\/37565\/revisions\/37568"}],"wp:featuredmedia":[{"embeddable":true,"href":"https:\/\/istanbulchannel.net\/index.php\/wp-json\/wp\/v2\/media\/37566"}],"wp:attachment":[{"href":"https:\/\/istanbulchannel.net\/index.php\/wp-json\/wp\/v2\/media?parent=37565"}],"wp:term":[{"taxonomy":"category","embeddable":true,"href":"https:\/\/istanbulchannel.net\/index.php\/wp-json\/wp\/v2\/categories?post=37565"},{"taxonomy":"post_tag","embeddable":true,"href":"https:\/\/istanbulchannel.net\/index.php\/wp-json\/wp\/v2\/tags?post=37565"}],"curies":[{"name":"wp","href":"https:\/\/api.w.org\/{rel}","templated":true}]}}