{"id":37559,"date":"2026-02-12T16:06:17","date_gmt":"2026-02-12T16:06:17","guid":{"rendered":"https:\/\/istanbulchannel.net\/?p=37559"},"modified":"2026-02-12T16:06:18","modified_gmt":"2026-02-12T16:06:18","slug":"kanbolat-gorkem-arslana-son-veda-dunya-bir-beyefendi-kaybetti","status":"publish","type":"post","link":"https:\/\/istanbulchannel.net\/index.php\/2026\/02\/12\/kanbolat-gorkem-arslana-son-veda-dunya-bir-beyefendi-kaybetti\/","title":{"rendered":"Kanbolat G\u00f6rkem Arslan&#8217;a son veda. &#8220;D\u00fcnya bir beyefendi kaybetti&#8221;"},"content":{"rendered":"\n<figure class=\"wp-block-image size-full\"><img loading=\"lazy\" decoding=\"async\" width=\"880\" height=\"495\" src=\"https:\/\/istanbulchannel.net\/wp-content\/uploads\/2026\/02\/1001121595.webp\" alt=\"\" class=\"wp-image-37560\" srcset=\"https:\/\/istanbulchannel.net\/wp-content\/uploads\/2026\/02\/1001121595.webp 880w, https:\/\/istanbulchannel.net\/wp-content\/uploads\/2026\/02\/1001121595-300x169.webp 300w, https:\/\/istanbulchannel.net\/wp-content\/uploads\/2026\/02\/1001121595-768x432.webp 768w\" sizes=\"auto, (max-width: 880px) 100vw, 880px\" \/><\/figure>\n\n\n\n<p>&#8220;<strong>Poyraz Karayel&#8221; dizisiyle tan\u0131nan Kanbolat G\u00f6rkem Arslan, hayat\u0131n\u0131 kaybetti. Kalp krizi nedeniyle vefat eden \u00fcnl\u00fc oyuncu, bug\u00fcn son yolculu\u011funa u\u011furlan\u0131yor.<\/strong><\/p>\n\n\n\n<p>EV\u0130NDE RAHATSIZLANDIOyuncu Kanbolat G\u00f6rkem Arslan, \u00f6nceki gece Beyo\u011flu&#8217;ndaki evinde rahats\u0131zland\u0131. \u0130lk m\u00fcdahalesi evde yap\u0131lan \u00fcnl\u00fc isim, Taksim E\u011fitim ve Ara\u015ft\u0131rma Hastanesi&#8217;ne kald\u0131r\u0131ld\u0131. Arslan, burada yap\u0131lan t\u00fcm m\u00fcdahalelere ra\u011fmen kurtar\u0131lamad\u0131.<\/p>\n\n\n\n<figure class=\"wp-block-image size-large\"><img loading=\"lazy\" decoding=\"async\" width=\"845\" height=\"600\" src=\"https:\/\/istanbulchannel.net\/wp-content\/uploads\/2026\/02\/1001121594-845x600.webp\" alt=\"\" class=\"wp-image-37561\" srcset=\"https:\/\/istanbulchannel.net\/wp-content\/uploads\/2026\/02\/1001121594-845x600.webp 845w, https:\/\/istanbulchannel.net\/wp-content\/uploads\/2026\/02\/1001121594-300x213.webp 300w, https:\/\/istanbulchannel.net\/wp-content\/uploads\/2026\/02\/1001121594-768x545.webp 768w, https:\/\/istanbulchannel.net\/wp-content\/uploads\/2026\/02\/1001121594.webp 880w\" sizes=\"auto, (max-width: 845px) 100vw, 845px\" \/><\/figure>\n\n\n\n<p>45 ya\u015f\u0131ndaki \u00fcnl\u00fc ismin kalp krizi nedeniyle vefat etti\u011fi \u00f6\u011frenildi. Ani vefat\u0131yla sevenlerini yasa bo\u011fan Kanbolat G\u00f6rkem Arslan i\u00e7in bug\u00fcn Zincirlikuyu Camii&#8217;nde cenaze t\u00f6reni d\u00fczenleniyor.<\/p>\n\n\n\n<figure class=\"wp-block-image size-full\"><img loading=\"lazy\" decoding=\"async\" width=\"880\" height=\"495\" src=\"https:\/\/istanbulchannel.net\/wp-content\/uploads\/2026\/02\/1001121596.webp\" alt=\"\" class=\"wp-image-37562\" srcset=\"https:\/\/istanbulchannel.net\/wp-content\/uploads\/2026\/02\/1001121596.webp 880w, https:\/\/istanbulchannel.net\/wp-content\/uploads\/2026\/02\/1001121596-300x169.webp 300w, https:\/\/istanbulchannel.net\/wp-content\/uploads\/2026\/02\/1001121596-768x432.webp 768w\" sizes=\"auto, (max-width: 880px) 100vw, 880px\" \/><\/figure>\n\n\n\n<h2 class=\"wp-block-heading\">&#8220;KABULLENMES\u0130 \u00c7OK ZOR&#8221;<\/h2>\n\n\n\n<p>Arslan&#8217;\u0131n \u201cPoyraz Karayel\u201d dizisindeki rol arkada\u015flar\u0131 Emel \u00c7\u00f6lge\u00e7en, Bur\u00e7in Terzio\u011flu, \u0130lker Kaleli, Cem C\u00fcceno\u011flu, Celil Nal\u00e7akan, Musa Uzunlar&#8217;\u0131n yan\u0131 s\u0131ra; Deniz \u00c7ak\u0131r, Birce Akalay, Ebru \u015eahin, Mehmet Ali Nuro\u011flu, Nur S\u00fcrer, Selim Bayraktar, G\u00fcrkan Uygun, Umut \u00d6zkan, P\u0131nar Altu\u011f, Hamdi Alkan gibi isimler cenaze t\u00f6renine kat\u0131ld\u0131.<\/p>\n\n\n\n<figure class=\"wp-block-image size-full\"><img loading=\"lazy\" decoding=\"async\" width=\"880\" height=\"342\" src=\"https:\/\/istanbulchannel.net\/wp-content\/uploads\/2026\/02\/1001121593.webp\" alt=\"\" class=\"wp-image-37563\" srcset=\"https:\/\/istanbulchannel.net\/wp-content\/uploads\/2026\/02\/1001121593.webp 880w, https:\/\/istanbulchannel.net\/wp-content\/uploads\/2026\/02\/1001121593-300x117.webp 300w, https:\/\/istanbulchannel.net\/wp-content\/uploads\/2026\/02\/1001121593-768x298.webp 768w\" sizes=\"auto, (max-width: 880px) 100vw, 880px\" \/><\/figure>\n\n\n\n<p>Musa Uzunlar, \u00fcz\u00fcnt\u00fcs\u00fcn\u00fc \u201cB\u00f6yle bir durumda insan s\u00f6yleyecek bir \u015fey de bulam\u0131yor. Kabullenmesi \u00e7ok zor. Ke\u015fke \u00e7ok daha fazla zaman ge\u00e7irebilseydik. Birbirimizin, yak\u0131nlar\u0131m\u0131z\u0131n de\u011ferini bilelim. Baz\u0131 \u015feyleri ihmal etmeyelim ya da ertelemeyelim. Tek s\u00f6yleyebilece\u011fim bu\u201d s\u00f6zleriyle aktard\u0131.<\/p>\n\n\n\n<figure class=\"wp-block-image size-full\"><img loading=\"lazy\" decoding=\"async\" width=\"750\" height=\"422\" src=\"http:\/\/istanbulchannel.net\/wp-content\/uploads\/2026\/02\/1001119534.jpg\" alt=\"\" class=\"wp-image-37557\" srcset=\"https:\/\/istanbulchannel.net\/wp-content\/uploads\/2026\/02\/1001119534.jpg 750w, https:\/\/istanbulchannel.net\/wp-content\/uploads\/2026\/02\/1001119534-300x169.jpg 300w\" sizes=\"auto, (max-width: 750px) 100vw, 750px\" \/><\/figure>\n\n\n\n<h2 class=\"wp-block-heading\">G\u00d6ZYA\u015eLARINA BO\u011eULDULAR<\/h2>\n\n\n\n<p>Cem C\u00fcceno\u011flu ise &#8220;Karde\u015fimi kaybettim. Bu d\u00fcnyadaki melek kalplilerden biriydi. \u0130yilikleriyle ad\u0131n\u0131, san\u0131n\u0131 bilmedi\u011fimiz belki de binlerce ki\u015fiye dokunmu\u015ftur. Erken ya\u015fta gitti, bombo\u015f kald\u0131k. D\u00fcnya bir beyefendi kaybetti, g\u00fczel bir insan\u0131n\u0131 kaybetti. Sahneler yetenekli bir oyuncusunu kaybetti&#8221; dedi.<\/p>\n\n\n\n<figure class=\"wp-block-image size-full\"><img loading=\"lazy\" decoding=\"async\" width=\"880\" height=\"495\" src=\"http:\/\/istanbulchannel.net\/wp-content\/uploads\/2026\/02\/1001121596.webp\" alt=\"\" class=\"wp-image-37562\" srcset=\"https:\/\/istanbulchannel.net\/wp-content\/uploads\/2026\/02\/1001121596.webp 880w, https:\/\/istanbulchannel.net\/wp-content\/uploads\/2026\/02\/1001121596-300x169.webp 300w, https:\/\/istanbulchannel.net\/wp-content\/uploads\/2026\/02\/1001121596-768x432.webp 768w\" sizes=\"auto, (max-width: 880px) 100vw, 880px\" \/><\/figure>\n\n\n\n<p>C\u00fcceno\u011flu, konu\u015fmas\u0131n\u0131n ard\u0131ndan g\u00f6zya\u015flar\u0131n\u0131 tutamad\u0131.<\/p>\n\n\n\n<p>G\u00f6zya\u015flar\u0131na bo\u011fulan Emel \u00c7\u00f6lge\u00e7en ise &#8220;O kadar \u00fczg\u00fcn\u00fcm ki. \u00c7ok erken. Can\u0131m benim, \u00e7ok \u00fczg\u00fcn\u00fcm tarif edemeyece\u011fim&#8221; dedi.<\/p>\n\n\n\n<p>Birce Akalay da \u201cHayat Bazen Tatl\u0131d\u0131r\u201d dizisinde birlikte rol ald\u0131\u011f\u0131 arkada\u015f\u0131n\u0131n vefat\u0131 i\u00e7in \u201cD\u00fcnya iyisi bir adamd\u0131. Ben inanam\u0131yorum hala\u201d ifadelerini kulland\u0131.<\/p>\n\n\n\n<figure class=\"wp-block-image size-large\"><img loading=\"lazy\" decoding=\"async\" width=\"845\" height=\"600\" src=\"http:\/\/istanbulchannel.net\/wp-content\/uploads\/2026\/02\/1001121594-845x600.webp\" alt=\"\" class=\"wp-image-37561\" srcset=\"https:\/\/istanbulchannel.net\/wp-content\/uploads\/2026\/02\/1001121594-845x600.webp 845w, https:\/\/istanbulchannel.net\/wp-content\/uploads\/2026\/02\/1001121594-300x213.webp 300w, https:\/\/istanbulchannel.net\/wp-content\/uploads\/2026\/02\/1001121594-768x545.webp 768w, https:\/\/istanbulchannel.net\/wp-content\/uploads\/2026\/02\/1001121594.webp 880w\" sizes=\"auto, (max-width: 845px) 100vw, 845px\" \/><\/figure>\n\n\n\n<p>Kanbolat G\u00f6rkem Arslan&#8217;\u0131n naa\u015f\u0131 Zincirlikuyu Mezarl\u0131\u011f\u0131&#8217;nda topra\u011fa verilecek.&nbsp;<\/p>\n\n\n\n<p>kaynak:ntv.com.tr<\/p>\n","protected":false},"excerpt":{"rendered":"<p>&#8220;Poyraz Karayel&#8221; dizisiyle tan\u0131nan Kanbolat G\u00f6rkem Arslan, hayat\u0131n\u0131 kaybetti. Kalp krizi nedeniyle vefat eden \u00fcnl\u00fc oyuncu, bug\u00fcn son yolculu\u011funa u\u011furlan\u0131yor. EV\u0130NDE RAHATSIZLANDIOyuncu Kanbolat G\u00f6rkem<\/p>\n","protected":false},"author":2,"featured_media":37563,"comment_status":"closed","ping_status":"closed","sticky":false,"template":"","format":"standard","meta":{"footnotes":""},"categories":[11,12,184,1,185,15,188],"tags":[1365,1569],"class_list":["post-37559","post","type-post","status-publish","format-standard","has-post-thumbnail","hentry","category-genel","category-gundem","category-kultur-sanat","category-magazin","category-manset","category-turkiye","category-yasam","tag-cenaze","tag-kanbolat-gorkem-arslan"],"_links":{"self":[{"href":"https:\/\/istanbulchannel.net\/index.php\/wp-json\/wp\/v2\/posts\/37559","targetHints":{"allow":["GET"]}}],"collection":[{"href":"https:\/\/istanbulchannel.net\/index.php\/wp-json\/wp\/v2\/posts"}],"about":[{"href":"https:\/\/istanbulchannel.net\/index.php\/wp-json\/wp\/v2\/types\/post"}],"author":[{"embeddable":true,"href":"https:\/\/istanbulchannel.net\/index.php\/wp-json\/wp\/v2\/users\/2"}],"replies":[{"embeddable":true,"href":"https:\/\/istanbulchannel.net\/index.php\/wp-json\/wp\/v2\/comments?post=37559"}],"version-history":[{"count":1,"href":"https:\/\/istanbulchannel.net\/index.php\/wp-json\/wp\/v2\/posts\/37559\/revisions"}],"predecessor-version":[{"id":37564,"href":"https:\/\/istanbulchannel.net\/index.php\/wp-json\/wp\/v2\/posts\/37559\/revisions\/37564"}],"wp:featuredmedia":[{"embeddable":true,"href":"https:\/\/istanbulchannel.net\/index.php\/wp-json\/wp\/v2\/media\/37563"}],"wp:attachment":[{"href":"https:\/\/istanbulchannel.net\/index.php\/wp-json\/wp\/v2\/media?parent=37559"}],"wp:term":[{"taxonomy":"category","embeddable":true,"href":"https:\/\/istanbulchannel.net\/index.php\/wp-json\/wp\/v2\/categories?post=37559"},{"taxonomy":"post_tag","embeddable":true,"href":"https:\/\/istanbulchannel.net\/index.php\/wp-json\/wp\/v2\/tags?post=37559"}],"curies":[{"name":"wp","href":"https:\/\/api.w.org\/{rel}","templated":true}]}}