{"id":37390,"date":"2025-09-18T09:45:21","date_gmt":"2025-09-18T09:45:21","guid":{"rendered":"https:\/\/istanbulchannel.net\/?p=37390"},"modified":"2025-09-19T12:05:52","modified_gmt":"2025-09-19T12:05:52","slug":"galatasaray-eintracht-frankfurt-macina-dogru-okan-buruk-forvet-tercihini-yapti-iste-muhtemel-11ler","status":"publish","type":"post","link":"https:\/\/istanbulchannel.net\/index.php\/2025\/09\/18\/galatasaray-eintracht-frankfurt-macina-dogru-okan-buruk-forvet-tercihini-yapti-iste-muhtemel-11ler\/","title":{"rendered":"Galatasaray-Eintracht Frankfurt ma\u00e7\u0131na do\u011fru: Okan Buruk forvet tercihini yapt\u0131! \u0130\u015fte muhtemel 11&#8217;ler"},"content":{"rendered":"\n<p><strong>Galatasaray, UEFA \u015eampiyonlar Ligi lig a\u015famas\u0131 ilk ma\u00e7\u0131na bu ak\u015fam Eintracht Frankfurt kar\u015f\u0131s\u0131nda \u00e7\u0131k\u0131yor. Teknik direkt\u00f6r Okan Buruk&#8217;un forvet hatt\u0131nda Osimhen&#8217;in yoklu\u011funda kime \u015fans verece\u011fi belli oldu. \u0130\u015fte Galatasaray-Eintracht Frankfurt ma\u00e7\u0131 muhtemel 11&#8217;leri&#8230;<\/strong><\/p>\n\n\n\n<figure class=\"wp-block-image size-full\"><img loading=\"lazy\" decoding=\"async\" width=\"710\" height=\"533\" src=\"https:\/\/istanbulchannel.net\/wp-content\/uploads\/2025\/09\/1000869259.webp\" alt=\"\" class=\"wp-image-37391\" srcset=\"https:\/\/istanbulchannel.net\/wp-content\/uploads\/2025\/09\/1000869259.webp 710w, https:\/\/istanbulchannel.net\/wp-content\/uploads\/2025\/09\/1000869259-300x225.webp 300w\" sizes=\"auto, (max-width: 710px) 100vw, 710px\" \/><\/figure>\n\n\n\n<p>UEFA\u00a0\u015eampiyonlar Ligi&#8217;ndeki temsilcimiz\u00a0Galatasaray, ilk ma\u00e7\u0131na bu ak\u015fam 22.00&#8217;de Almanya&#8217;da Eintracht Frankfurt kar\u015f\u0131s\u0131nda \u00e7\u0131k\u0131yor.<\/p>\n\n\n\n<p>Galatasaray&#8217;da Victor Osimhen&#8217;in sakatl\u0131\u011f\u0131 devam ederken, forvet hatt\u0131nda kimin forma giyece\u011fi en b\u00fcy\u00fck merak konusuydu. Galatasaray Teknik Direkt\u00f6r\u00fc Okan Buruk, kritik s\u0131navda forvet hatt\u0131 i\u00e7in karar\u0131n\u0131 verdi. Milliyet&#8217;in haberine g\u00f6re Buruk, Frankfurt ma\u00e7\u0131nda tercihini Bar\u0131\u015f Alper Y\u0131lmaz&#8217;dan yana kulland\u0131.<\/p>\n\n\n\n<p>Okan Buruk&#8217;un fiziksel olarak y\u00fczde 100 haz\u0131r olmamas\u0131 nedeniyle Icardi&#8217;yi tercih etmedi\u011fi vurguland\u0131. Buruk&#8217;un Arjantinli y\u0131ld\u0131za ikinci yar\u0131da g\u00f6rev vermesinin beklendi\u011fi aktar\u0131ld\u0131.<\/p>\n\n\n\n<figure class=\"wp-block-image size-full\"><img loading=\"lazy\" decoding=\"async\" width=\"710\" height=\"533\" src=\"https:\/\/istanbulchannel.net\/wp-content\/uploads\/2025\/09\/1000869259-1.webp\" alt=\"\" class=\"wp-image-37392\" srcset=\"https:\/\/istanbulchannel.net\/wp-content\/uploads\/2025\/09\/1000869259-1.webp 710w, https:\/\/istanbulchannel.net\/wp-content\/uploads\/2025\/09\/1000869259-1-300x225.webp 300w\" sizes=\"auto, (max-width: 710px) 100vw, 710px\" \/><\/figure>\n\n\n\n<p><strong>\u0130LKAY \u0130LK 11&#8217;DE BA\u015eLIYOR<\/strong><\/p>\n\n\n\n<p>Okan Buruk&#8217;un orta sahay\u0131 ise Lucas Torreira, Mario Lemina ve \u0130lkay G\u00fcndo\u011fan ile kurgulayaca\u011f\u0131 ifade edildi.<\/p>\n\n\n\n<p><strong>SAVUNMADA S\u0130NGO \u0130LK 11&#8217;DE<\/strong><\/p>\n\n\n\n<p>Ba\u015far\u0131l\u0131 teknik adam\u0131n kalede U\u011furcan \u00c7ak\u0131r, savunma hatt\u0131nda ise Singo, Davinson, Abd\u00fclkerim ve Jakobs d\u00f6rtl\u00fcs\u00fcne g\u00f6rev verece\u011fi belirtildi.<\/p>\n\n\n\n<p>kaynak:ntv.com.tr <\/p>\n","protected":false},"excerpt":{"rendered":"<p>Galatasaray, UEFA \u015eampiyonlar Ligi lig a\u015famas\u0131 ilk ma\u00e7\u0131na bu ak\u015fam Eintracht Frankfurt kar\u015f\u0131s\u0131nda \u00e7\u0131k\u0131yor. Teknik direkt\u00f6r Okan Buruk&#8217;un forvet hatt\u0131nda Osimhen&#8217;in yoklu\u011funda kime \u015fans<\/p>\n","protected":false},"author":2,"featured_media":37392,"comment_status":"closed","ping_status":"closed","sticky":false,"template":"","format":"standard","meta":{"footnotes":""},"categories":[9,11,12,185,14,15,411],"tags":[200,1540,1539],"class_list":["post-37390","post","type-post","status-publish","format-standard","has-post-thumbnail","hentry","category-dunya","category-genel","category-gundem","category-manset","category-spor","category-turkiye","category-yerel","tag-galatasaray","tag-okan-buruk","tag-uefa"],"_links":{"self":[{"href":"https:\/\/istanbulchannel.net\/index.php\/wp-json\/wp\/v2\/posts\/37390","targetHints":{"allow":["GET"]}}],"collection":[{"href":"https:\/\/istanbulchannel.net\/index.php\/wp-json\/wp\/v2\/posts"}],"about":[{"href":"https:\/\/istanbulchannel.net\/index.php\/wp-json\/wp\/v2\/types\/post"}],"author":[{"embeddable":true,"href":"https:\/\/istanbulchannel.net\/index.php\/wp-json\/wp\/v2\/users\/2"}],"replies":[{"embeddable":true,"href":"https:\/\/istanbulchannel.net\/index.php\/wp-json\/wp\/v2\/comments?post=37390"}],"version-history":[{"count":1,"href":"https:\/\/istanbulchannel.net\/index.php\/wp-json\/wp\/v2\/posts\/37390\/revisions"}],"predecessor-version":[{"id":37393,"href":"https:\/\/istanbulchannel.net\/index.php\/wp-json\/wp\/v2\/posts\/37390\/revisions\/37393"}],"wp:featuredmedia":[{"embeddable":true,"href":"https:\/\/istanbulchannel.net\/index.php\/wp-json\/wp\/v2\/media\/37392"}],"wp:attachment":[{"href":"https:\/\/istanbulchannel.net\/index.php\/wp-json\/wp\/v2\/media?parent=37390"}],"wp:term":[{"taxonomy":"category","embeddable":true,"href":"https:\/\/istanbulchannel.net\/index.php\/wp-json\/wp\/v2\/categories?post=37390"},{"taxonomy":"post_tag","embeddable":true,"href":"https:\/\/istanbulchannel.net\/index.php\/wp-json\/wp\/v2\/tags?post=37390"}],"curies":[{"name":"wp","href":"https:\/\/api.w.org\/{rel}","templated":true}]}}