{"id":37353,"date":"2025-09-09T09:42:55","date_gmt":"2025-09-09T09:42:55","guid":{"rendered":"https:\/\/istanbulchannel.net\/?p=37353"},"modified":"2025-09-11T10:58:59","modified_gmt":"2025-09-11T10:58:59","slug":"chp-kurulus-toreni-tekin-ozgur-ozeli-karsilayacak","status":"publish","type":"post","link":"https:\/\/istanbulchannel.net\/index.php\/2025\/09\/09\/chp-kurulus-toreni-tekin-ozgur-ozeli-karsilayacak\/","title":{"rendered":"CHP kurulu\u015f t\u00f6reni: Tekin, \u00d6zg\u00fcr \u00d6zel&#8217;i kar\u015f\u0131layacak"},"content":{"rendered":"\n<p><strong>Mahkeme karar\u0131yla CHP \u0130l Ba\u015fkanl\u0131\u011f\u0131&#8217;na atanan G\u00fcrsel Tekin, partinin kurulu\u015f y\u0131l d\u00f6n\u00fcm\u00fc nedeniyle Genel Ba\u015fkan \u00d6zg\u00fcr \u00d6zel&#8217;i kar\u015f\u0131layaca\u011f\u0131n\u0131 s\u00f6yledi. Tekin, \u00d6zel&#8217;le birlikte Taksim An\u0131t\u0131&#8217;na \u00e7elenk koyaca\u011f\u0131n\u0131 da belirtti ancak CHP&#8217;nin bu konudaki karar\u0131 bilinmiyor<\/strong>.<\/p>\n\n\n\n<figure class=\"wp-block-image size-full\"><img loading=\"lazy\" decoding=\"async\" width=\"710\" height=\"533\" src=\"https:\/\/istanbulchannel.net\/wp-content\/uploads\/2025\/09\/1000854393.webp\" alt=\"\" class=\"wp-image-37357\" srcset=\"https:\/\/istanbulchannel.net\/wp-content\/uploads\/2025\/09\/1000854393.webp 710w, https:\/\/istanbulchannel.net\/wp-content\/uploads\/2025\/09\/1000854393-300x225.webp 300w\" sizes=\"auto, (max-width: 710px) 100vw, 710px\" \/><\/figure>\n\n\n\n<p>Mahkeme karar\u0131yla&nbsp;CHP \u0130stanbul \u0130l Ba\u015fkanl\u0131\u011f\u0131 y\u00f6netimine atanan G\u00fcrsel Tekin, partinin bug\u00fcnk\u00fc kurulu\u015f y\u0131l d\u00f6n\u00fcm\u00fc t\u00f6renleri kapsam\u0131nda&nbsp;Taksim\u2019deki Cumhuriyet an\u0131t\u0131na gelerek \u00e7elenk b\u0131rakt\u0131.<\/p>\n\n\n\n<p>Burada a\u00e7\u0131klamada bulunan Tekin, saat 14.00&#8217;teki Taksim Cumhuriyet An\u0131t\u0131\u2019ndaki t\u00f6rene kat\u0131laca\u011f\u0131n\u0131 ve&nbsp;CHP&nbsp;Genel Ba\u015fkan\u0131 \u00d6zg\u00fcr \u00d6zel&#8217;i de kar\u015f\u0131layaca\u011f\u0131n\u0131 bildirdi.<\/p>\n\n\n\n<p>Tekin, &#8220;Bizim resmi binam\u0131z Sar\u0131yer.&#8221; diyerek, bina tart\u0131\u015fmas\u0131n\u0131n i\u00e7erisine girmek istemediklerini s\u00f6yledi.<\/p>\n\n\n\n<p>Ancak&nbsp;Tekin&#8217;in \u00d6zel&#8217;i kar\u015f\u0131lamas\u0131na ili\u015fkin CHP&#8217;nin karar\u0131 bilinmiyor.<\/p>\n\n\n\n<figure class=\"wp-block-image size-full\"><img loading=\"lazy\" decoding=\"async\" width=\"710\" height=\"533\" src=\"http:\/\/istanbulchannel.net\/wp-content\/uploads\/2025\/09\/1000854393.webp\" alt=\"\" class=\"wp-image-37357\" srcset=\"https:\/\/istanbulchannel.net\/wp-content\/uploads\/2025\/09\/1000854393.webp 710w, https:\/\/istanbulchannel.net\/wp-content\/uploads\/2025\/09\/1000854393-300x225.webp 300w\" sizes=\"auto, (max-width: 710px) 100vw, 710px\" \/><\/figure>\n\n\n\n<p><strong>&#8220;\u00d6ZEL&#8217;\u0130 VE KILI\u00c7DARO\u011eLU&#8217;NU Z\u0130YARET ETMEK \u0130STER\u0130M&#8221;<\/strong><\/p>\n\n\n\n<p>\u00d6te yandan d\u00fcn ak\u015fam kat\u0131ld\u0131\u011f\u0131 bir TV program\u0131nda konu\u015fan Tekin, &#8220;\u00d6n\u00fcm\u00fczdeki hafta Ankara ziyaretim olacak. Hem \u00d6zg\u00fcr \u00d6zel&#8217;i hem Kemal K\u0131l\u0131\u00e7daro\u011flu&#8217;nu ziyaret etmek isterim.&#8221; dedi.<br><br><strong>&#8220;KUCAKLA\u015eMAK \u0130ST\u0130YORUM&#8221;<\/strong><br><br>&#8220;Ben bunlar\u0131n abisiydim, karde\u015fleriydim, ne oldu da birden bire canavar oldum? Ben CHP&#8217;nin kimli\u011fine toz konmas\u0131n isteyen bir insan\u0131m.&#8221; diyen Tekin, &#8220;Ger\u00e7ek CHP&#8217;lilerin hi\u00e7biri bug\u00fcn orada yoktu. O bina hepimize yeter. Ben en k\u0131sa s\u00fcre i\u00e7inde hem \u00d6zg\u00fcr \u00c7elik ile hem de arkada\u015flar\u0131m\u0131zla kucakla\u015fmak istiyorum.&#8221; dedi.<br><br><strong>&#8220;BAH\u00c7EL\u0130EVLER&#8217;E \u0130CABET EDER\u0130Z&#8221;<\/strong><br><br>Binan\u0131n Bah\u00e7elievler&#8217;e ta\u015f\u0131nmas\u0131na ili\u015fkin de konu\u015fan Tekin, &#8220;Say\u0131n Genel Ba\u015fkan\u0131m\u0131z nereye giderse, elbette onlara sayg\u0131l\u0131 davran\u0131r\u0131z. Genel Ba\u015fkan, Bah\u00e7elievler&#8217;e ziyarete gidiyorsa biz de icabet ederiz. Ama bizim \u0130stanbul il binam\u0131z Sar\u0131yer&#8217;dedir. \u0130stanbul ili bizim \u00fcst\u00fcm\u00fcze hukuken zimmetli.&#8221; dedi.<\/p>\n\n\n\n<figure class=\"wp-block-image size-full\"><img loading=\"lazy\" decoding=\"async\" width=\"960\" height=\"540\" src=\"https:\/\/istanbulchannel.net\/wp-content\/uploads\/2025\/09\/1000854395.webp\" alt=\"\" class=\"wp-image-37358\" srcset=\"https:\/\/istanbulchannel.net\/wp-content\/uploads\/2025\/09\/1000854395.webp 960w, https:\/\/istanbulchannel.net\/wp-content\/uploads\/2025\/09\/1000854395-300x169.webp 300w, https:\/\/istanbulchannel.net\/wp-content\/uploads\/2025\/09\/1000854395-768x432.webp 768w\" sizes=\"auto, (max-width: 960px) 100vw, 960px\" \/><\/figure>\n\n\n\n<p><strong>NE OLMU\u015eTU?<\/strong><\/p>\n\n\n\n<p>Mahkeme karar\u0131yla&nbsp;CHP \u0130stanbul \u0130l Ba\u015fkanl\u0131\u011f\u0131 y\u00f6netimine atanan G\u00fcrsel Tekin d\u00fcn il ba\u015fkanl\u0131\u011f\u0131 binas\u0131na geldi.<\/p>\n\n\n\n<p>Tekin kap\u0131ya polis e\u015fli\u011finde y\u00fcr\u00fcd\u00fc. Bir s\u00fcre lobide bekledikten sonra binan\u0131n i\u00e7ine girdi.<\/p>\n\n\n\n<p>Bu s\u0131rada polis, binan\u0131n \u00e7evresindeki kordonu s\u0131k\u0131la\u015ft\u0131rd\u0131, kalabal\u0131\u011fa biber gaz\u0131 s\u0131kt\u0131.<\/p>\n\n\n\n<figure class=\"wp-block-image size-full\"><img loading=\"lazy\" decoding=\"async\" width=\"960\" height=\"540\" src=\"https:\/\/istanbulchannel.net\/wp-content\/uploads\/2025\/09\/1000854394.webp\" alt=\"\" class=\"wp-image-37359\" srcset=\"https:\/\/istanbulchannel.net\/wp-content\/uploads\/2025\/09\/1000854394.webp 960w, https:\/\/istanbulchannel.net\/wp-content\/uploads\/2025\/09\/1000854394-300x169.webp 300w, https:\/\/istanbulchannel.net\/wp-content\/uploads\/2025\/09\/1000854394-768x432.webp 768w\" sizes=\"auto, (max-width: 960px) 100vw, 960px\" \/><\/figure>\n\n\n\n<p><strong>CHP&nbsp;\u0130L B\u0130NASINI KAPATMA KARARI ALDI<\/strong><\/p>\n\n\n\n<p>Bina ve \u00e7evresindeki gerginlik s\u00fcrerken&nbsp;CHP&#8217;den yeni bir ad\u0131m geldi.<br>CHP, \u0130stanbul \u0130l Ba\u015fkanl\u0131\u011f\u0131 binas\u0131n\u0131 kapatma karar\u0131 ald\u0131.<\/p>\n\n\n\n<p>Sar\u0131yer \u0130l\u00e7e Se\u00e7im Kurulu&#8217;na yap\u0131lan ba\u015fvuru kapsam\u0131nda, ola\u011fan\u00fcst\u00fc il kongresinin yap\u0131laca\u011f\u0131, yeni il ba\u015fkan\u0131 ve y\u00f6netim se\u00e7ilene kadar il ba\u015fkanl\u0131\u011f\u0131n\u0131n farkl\u0131 bir adreste \u00e7al\u0131\u015fmalar\u0131n\u0131 s\u00fcrd\u00fcrece\u011fi kaydedildi.<\/p>\n\n\n\n<p>Partinin yeni il ba\u015fkanl\u0131\u011f\u0131 adresi Bah\u00e7elievler \u0130l\u00e7e Ba\u015fkanl\u0131\u011f\u0131 olarak \u0130stanbul Valili\u011fi ile Yarg\u0131tay&#8217;a bildirdi.<\/p>\n\n\n\n<p>CHP Grup Ba\u015fkanvekili Murat Emir, mevcut binan\u0131n bundan b\u00f6yle \u00d6zg\u00fcr \u00d6zel&#8217;in \u0130stanbul&#8217;daki \u00e7al\u0131\u015fma ofisi olarak tayin edildi\u011fini a\u00e7\u0131klad\u0131.<\/p>\n\n\n\n<figure class=\"wp-block-image size-full\"><img loading=\"lazy\" decoding=\"async\" width=\"710\" height=\"533\" src=\"http:\/\/istanbulchannel.net\/wp-content\/uploads\/2025\/09\/1000854393.webp\" alt=\"\" class=\"wp-image-37357\" srcset=\"https:\/\/istanbulchannel.net\/wp-content\/uploads\/2025\/09\/1000854393.webp 710w, https:\/\/istanbulchannel.net\/wp-content\/uploads\/2025\/09\/1000854393-300x225.webp 300w\" sizes=\"auto, (max-width: 710px) 100vw, 710px\" \/><\/figure>\n\n\n\n<p><strong>CHP \u0130L KONGRES\u0130&#8217;N\u0130N \u0130PTAL\u0130<\/strong><\/p>\n\n\n\n<p>CHP \u0130stanbul 38. Ola\u011fan \u0130l Kongresi&#8217;nin iptali i\u00e7in a\u00e7\u0131lan davada mahkeme, \u0130l Ba\u015fkan\u0131 \u00d6zg\u00fcr \u00c7elik ve mevcut y\u00f6netimin g\u00f6revden uzakla\u015ft\u0131r\u0131lmas\u0131 ve yerlerine ge\u00e7ici bir y\u00f6netim atanmas\u0131 y\u00f6n\u00fcnde ara karar\u0131n\u0131 2 Eyl\u00fcl&#8217;de a\u00e7\u0131klam\u0131\u015ft\u0131.<\/p>\n\n\n\n<p>\u0130stanbul 45. Asliye Hukuk Mahkemesi karar\u0131na g\u00f6re \u0130stanbul \u0130l Ba\u015fkanl\u0131\u011f\u0131&#8217;na G\u00fcrsel Tekin, Zeki \u015een, Hasan Babacan, M\u00fcjdat G\u00fcrb\u00fcz ve Erkan Narsap&#8217;tan olu\u015fan bir heyet atand\u0131.<\/p>\n\n\n\n<p>Heyetteki baz\u0131 isimler bu g\u00f6revi kabul etmediklerini a\u00e7\u0131klad\u0131.<\/p>\n\n\n\n<p>Ancak G\u00fcrsel Tekin 8 Eyl\u00fcl Pazartesi g\u00fcn\u00fc CHP \u0130stanbul \u0130l Ba\u015fkanl\u0131\u011f\u0131&#8217;na gidece\u011finin sinyallerini verdi.<\/p>\n\n\n\n<p>CHP Genel Ba\u015fkan\u0131 \u00d6zg\u00fcr \u00d6zel, Tekin&#8217;in atanmas\u0131 ile ilgili &#8220;O mahkemenin verdi\u011fi hi\u00e7bir karar\u0131 tan\u0131m\u0131yoruz, il ba\u015fkan\u0131m\u0131z g\u00f6revinin ba\u015f\u0131ndad\u0131r.&#8221; demi\u015fti.<\/p>\n\n\n\n<p>CHP, G\u00fcrsel Tekin hakk\u0131nda ihra\u00e7 karar\u0131 vermi\u015f, savunma yapmak \u00fczere Tekin&#8217;i partiye \u00e7a\u011f\u0131rm\u0131\u015ft\u0131.<\/p>\n\n\n\n<p>Tekin, Genel Ba\u015fkan\u0131 aray\u0131p kendisinden randevu isteyece\u011fini ve eski genel ba\u015fkan Kemal K\u0131l\u0131\u00e7daro\u011flu ile de g\u00f6r\u00fc\u015fece\u011fini s\u00f6ylemi\u015fti.<br>\u00d6te yandan mahkeme karar\u0131 sonras\u0131 Adalet Bakan\u0131 Y\u0131lmaz Tun\u00e7 ise yapt\u0131\u011f\u0131 a\u00e7\u0131klamada, &#8220;Kurultay&#8217;da maddi menfaatle delegelerin etkilendi\u011fi iddias\u0131 var. \u0130spat \u015fart\u0131 oldu\u011fu gerek\u00e7esiyle mahkemenin verdi\u011fi bir tedbir karar\u0131 var. \u0130stanbul&#8217;da ve Ankara&#8217;da devam eden davalar da var. Her iki davada birbirini etkileyecek d\u00fczeyde.&#8221; demi\u015fti.<\/p>\n\n\n\n<figure class=\"wp-block-image size-full\"><img loading=\"lazy\" decoding=\"async\" width=\"960\" height=\"540\" src=\"http:\/\/istanbulchannel.net\/wp-content\/uploads\/2025\/09\/1000854394.webp\" alt=\"\" class=\"wp-image-37359\" srcset=\"https:\/\/istanbulchannel.net\/wp-content\/uploads\/2025\/09\/1000854394.webp 960w, https:\/\/istanbulchannel.net\/wp-content\/uploads\/2025\/09\/1000854394-300x169.webp 300w, https:\/\/istanbulchannel.net\/wp-content\/uploads\/2025\/09\/1000854394-768x432.webp 768w\" sizes=\"auto, (max-width: 960px) 100vw, 960px\" \/><\/figure>\n\n\n\n<p><strong>OLA\u011eAN\u00dcST\u00dc KURULTAY KARARI<\/strong><\/p>\n\n\n\n<p>Mahkeme karar\u0131 ve ya\u015fanan tart\u0131\u015fmalar sonras\u0131 CHP, 21 Eyl\u00fcl&#8217;de ola\u011fan\u00fcst\u00fc kurultay karar\u0131 ald\u0131.<\/p>\n\n\n\n<p>900&#8217;\u00fcn \u00fczerindeki delege imzas\u0131yla ola\u011fan\u00fcst\u00fc kurultay i\u00e7in \u00c7ankaya \u0130l\u00e7e Se\u00e7im Kurulu&#8217;na ba\u015fvuru yap\u0131ld\u0131.<\/p>\n\n\n\n<p>B\u00f6ylece CHP, son iki y\u0131lda \u00fc\u00e7\u00fcnc\u00fc kez kurultay karar\u0131 ald\u0131. Son kongrenin mahkemenin &#8220;mutlak butlan&#8221; karar\u0131na kar\u015f\u0131 davay\u0131 konusuz b\u0131rakma amac\u0131 ta\u015f\u0131d\u0131\u011f\u0131 belirtiliyor.<\/p>\n\n\n\n<p>kaynak:ntv.com.tr <\/p>\n","protected":false},"excerpt":{"rendered":"<p>Mahkeme karar\u0131yla CHP \u0130l Ba\u015fkanl\u0131\u011f\u0131&#8217;na atanan G\u00fcrsel Tekin, partinin kurulu\u015f y\u0131l d\u00f6n\u00fcm\u00fc nedeniyle Genel Ba\u015fkan \u00d6zg\u00fcr \u00d6zel&#8217;i kar\u015f\u0131layaca\u011f\u0131n\u0131 s\u00f6yledi. Tekin, \u00d6zel&#8217;le birlikte Taksim An\u0131t\u0131&#8217;na<\/p>\n","protected":false},"author":2,"featured_media":37357,"comment_status":"closed","ping_status":"closed","sticky":false,"template":"","format":"standard","meta":{"footnotes":""},"categories":[11,12,185,176,15,188,411],"tags":[315,1527,316,1533,1399,590],"class_list":["post-37353","post","type-post","status-publish","format-standard","has-post-thumbnail","hentry","category-genel","category-gundem","category-manset","category-siyaset","category-turkiye","category-yasam","category-yerel","tag-chp","tag-chp-istanbul-il-baskanligi","tag-gursel-tekin","tag-kayyum","tag-ozgur-celik","tag-ozgur-ozel"],"_links":{"self":[{"href":"https:\/\/istanbulchannel.net\/index.php\/wp-json\/wp\/v2\/posts\/37353","targetHints":{"allow":["GET"]}}],"collection":[{"href":"https:\/\/istanbulchannel.net\/index.php\/wp-json\/wp\/v2\/posts"}],"about":[{"href":"https:\/\/istanbulchannel.net\/index.php\/wp-json\/wp\/v2\/types\/post"}],"author":[{"embeddable":true,"href":"https:\/\/istanbulchannel.net\/index.php\/wp-json\/wp\/v2\/users\/2"}],"replies":[{"embeddable":true,"href":"https:\/\/istanbulchannel.net\/index.php\/wp-json\/wp\/v2\/comments?post=37353"}],"version-history":[{"count":3,"href":"https:\/\/istanbulchannel.net\/index.php\/wp-json\/wp\/v2\/posts\/37353\/revisions"}],"predecessor-version":[{"id":37361,"href":"https:\/\/istanbulchannel.net\/index.php\/wp-json\/wp\/v2\/posts\/37353\/revisions\/37361"}],"wp:featuredmedia":[{"embeddable":true,"href":"https:\/\/istanbulchannel.net\/index.php\/wp-json\/wp\/v2\/media\/37357"}],"wp:attachment":[{"href":"https:\/\/istanbulchannel.net\/index.php\/wp-json\/wp\/v2\/media?parent=37353"}],"wp:term":[{"taxonomy":"category","embeddable":true,"href":"https:\/\/istanbulchannel.net\/index.php\/wp-json\/wp\/v2\/categories?post=37353"},{"taxonomy":"post_tag","embeddable":true,"href":"https:\/\/istanbulchannel.net\/index.php\/wp-json\/wp\/v2\/tags?post=37353"}],"curies":[{"name":"wp","href":"https:\/\/api.w.org\/{rel}","templated":true}]}}