{"id":37316,"date":"2025-09-03T10:33:07","date_gmt":"2025-09-03T10:33:07","guid":{"rendered":"https:\/\/istanbulchannel.net\/?p=37316"},"modified":"2025-09-03T10:33:08","modified_gmt":"2025-09-03T10:33:08","slug":"gozler-15-eylulde-kemal-kilicdaroglu-chpye-geri-mi-donuyor","status":"publish","type":"post","link":"https:\/\/istanbulchannel.net\/index.php\/2025\/09\/03\/gozler-15-eylulde-kemal-kilicdaroglu-chpye-geri-mi-donuyor\/","title":{"rendered":"G\u00f6zler 15 Eyl\u00fcl&#8217;de: Kemal K\u0131l\u0131\u00e7daro\u011flu CHP&#8217;ye geri mi d\u00f6n\u00fcyor?"},"content":{"rendered":"\n<p><strong>CHP \u0130stanbul il y\u00f6netiminin g\u00f6revden uzakla\u015ft\u0131r\u0131lmas\u0131 eski Genel Ba\u015fkan Kemal K\u0131l\u0131\u00e7daro\u011flu&#8217;nun yeniden g\u00f6reve gelece\u011fine y\u00f6nelik tart\u0131\u015fmalar\u0131 alevlendirdi. K\u0131l\u0131\u00e7daro\u011flu&#8217;nun kongre iptallerini \u00f6nceden bildi\u011fine y\u00f6nelik iddialar da var. \u0130l kongresi i\u00e7in verilen mahkeme karar\u0131ndan yola \u00e7\u0131k\u0131larak, CHP kongresine ili\u015fkin verilecek karara y\u00f6nelik tahminler yap\u0131l\u0131yor. CHP, mahkemenin karar\u0131n\u0131n hukuksuz oldu\u011funda \u0131srarl\u0131 ve itiraz yollar\u0131n\u0131 kullanacak.<\/strong><\/p>\n\n\n\n<figure class=\"wp-block-image size-full\"><img loading=\"lazy\" decoding=\"async\" width=\"710\" height=\"533\" src=\"https:\/\/istanbulchannel.net\/wp-content\/uploads\/2025\/09\/1000843870.webp\" alt=\"\" class=\"wp-image-37317\" srcset=\"https:\/\/istanbulchannel.net\/wp-content\/uploads\/2025\/09\/1000843870.webp 710w, https:\/\/istanbulchannel.net\/wp-content\/uploads\/2025\/09\/1000843870-300x225.webp 300w\" sizes=\"auto, (max-width: 710px) 100vw, 710px\" \/><\/figure>\n\n\n\n<p>\u0130stanbul\u2019da 8 Ekim 2023 tarihinde ger\u00e7ekle\u015ftirilen\u00a0CHP\u00a0\u0130stanbul \u0130l Kongresi&#8217;nin iptali i\u00e7in a\u00e7\u0131lan davada mahkeme, olu\u015fturdu\u011fu ara karar ile\u00a0CHP\u00a0\u0130stanbul \u0130l Ba\u015fkan\u0131 \u00d6zg\u00fcr \u00c7elik ve y\u00f6netiminin g\u00f6revden uzakla\u015ft\u0131rmas\u0131na karar verdi.<\/p>\n\n\n\n<p>Mahkemenin karar\u0131na g\u00f6re, \u0130stanbul \u0130l Ba\u015fkanl\u0131\u011f\u0131&#8217;na G\u00fcrsel Tekin, Zeki \u015een, Hasan Babacan, M\u00fcjdat G\u00fcrb\u00fcz ve Erkan Narsap&#8217;tan olu\u015fan bir heyet atand\u0131.<\/p>\n\n\n\n<figure class=\"wp-block-image size-full\"><img loading=\"lazy\" decoding=\"async\" width=\"960\" height=\"540\" src=\"https:\/\/istanbulchannel.net\/wp-content\/uploads\/2025\/09\/1000843871.webp\" alt=\"\" class=\"wp-image-37318\" srcset=\"https:\/\/istanbulchannel.net\/wp-content\/uploads\/2025\/09\/1000843871.webp 960w, https:\/\/istanbulchannel.net\/wp-content\/uploads\/2025\/09\/1000843871-300x169.webp 300w, https:\/\/istanbulchannel.net\/wp-content\/uploads\/2025\/09\/1000843871-768x432.webp 768w\" sizes=\"auto, (max-width: 960px) 100vw, 960px\" \/><\/figure>\n\n\n\n<p><strong>196 DELEGE G\u00d6REVDEN UZAKLA\u015eTIRILDI<\/strong><\/p>\n\n\n\n<p>Mahkeme, 196 delegenin tedbiren g\u00f6revden uzakla\u015ft\u0131r\u0131lmas\u0131na karar verirken, mevcut kongre s\u00fcrecinin de durulmas\u0131na karar verdi.<\/p>\n\n\n\n<p><strong>KARARA D\u0130REN\u0130\u015e BA\u015eLADI<\/strong><\/p>\n\n\n\n<p>G\u00f6revden al\u0131nan il ba\u015fkan\u0131 \u00d6zg\u00fcr \u00c7elik ve CHP Genel Merkezi karara kar\u015f\u0131 direni\u015fe ge\u00e7ti.<\/p>\n\n\n\n<p>\u00c7elik, d\u00fcn gece CHP \u0130stanbul \u0130l Ba\u015fkanl\u0131\u011f\u0131&#8217;na gitti. \u00c7elik, sosyal medya hesab\u0131ndan yapt\u0131\u011f\u0131 payla\u015f\u0131mda, &#8220;\u00d6rg\u00fct burada. Halk burada. B\u00fct\u00fcn gece buraday\u0131z. Halk\u0131n evi, baba oca\u011f\u0131 emin ellerde.&#8221; dedi.<\/p>\n\n\n\n<figure class=\"wp-block-image size-full\"><img loading=\"lazy\" decoding=\"async\" width=\"960\" height=\"540\" src=\"https:\/\/istanbulchannel.net\/wp-content\/uploads\/2025\/09\/1000843872.webp\" alt=\"\" class=\"wp-image-37319\" srcset=\"https:\/\/istanbulchannel.net\/wp-content\/uploads\/2025\/09\/1000843872.webp 960w, https:\/\/istanbulchannel.net\/wp-content\/uploads\/2025\/09\/1000843872-300x169.webp 300w, https:\/\/istanbulchannel.net\/wp-content\/uploads\/2025\/09\/1000843872-768x432.webp 768w\" sizes=\"auto, (max-width: 960px) 100vw, 960px\" \/><\/figure>\n\n\n\n<p><strong>TEK\u0130N,\u00a0CHP&#8217;DEN \u0130HRA\u00c7 ED\u0130LD\u0130<\/strong><\/p>\n\n\n\n<p>CHP \u0130stanbul y\u00f6netiminin g\u00f6revden al\u0131nmas\u0131ndan hemen sonra CHP eski Genel Sekreteri G\u00fcrsel Tekin g\u00f6revi kabul etti\u011fini belirtti.<\/p>\n\n\n\n<p>Bu a\u00e7\u0131klamas\u0131n\u0131n ard\u0131ndan Tekin&#8217;in bir s\u00fcre \u00f6nce CHP&#8217;den istifa etti\u011fini a\u00e7\u0131klad\u0131\u011f\u0131, partiye \u00fcye olmad\u0131\u011f\u0131 iddia edildi.&nbsp;CHP Genel Ba\u015fkan\u0131 \u00d6zg\u00fcr \u00d6zel, Tekin&#8217;in partiden ihra\u00e7 etmeye y\u00f6nelik karar al\u0131nd\u0131\u011f\u0131n\u0131 s\u00f6yledi.<\/p>\n\n\n\n<p>\u00d6zel mahkemelerin red gerek\u00e7elerinin &#8220;tedbir karar\u0131n\u0131n do\u011frudan sonu\u00e7 do\u011furmas\u0131 oldu\u011funu&#8221; anlatt\u0131.<\/p>\n\n\n\n<p>\u00d6zel, hukuken neler yap\u0131laca\u011f\u0131 tart\u0131\u015fmas\u0131n\u0131n detaylar\u0131n\u0131 hukuk\u00e7ulara b\u0131rakacaklar\u0131n\u0131 ama Cumhuriyet Halk Partisi olarak hukuken yap\u0131lmas\u0131 gereken her ad\u0131m\u0131 atacaklar\u0131n\u0131 s\u00f6yledi.<\/p>\n\n\n\n<p>\u0130hra\u00e7 karar\u0131n\u0131n ard\u0131ndan Tekin bu karar itiraz etti ve &#8220;Kendisine savunma hakk\u0131 verilmeden al\u0131nan karar\u0131 kabul etmedi\u011fini.&#8221; belirtti.<\/p>\n\n\n\n<p>Karara ili\u015fkin&nbsp;Adalet Bakan\u0131 Y\u0131lmaz Tun\u00e7 ise &#8220;Bu itiraza a\u00e7\u0131k bir karar. S\u00fcre\u00e7 devam ediyor.&#8221; dedi.<\/p>\n\n\n\n<figure class=\"wp-block-image size-full\"><img loading=\"lazy\" decoding=\"async\" width=\"960\" height=\"540\" src=\"https:\/\/istanbulchannel.net\/wp-content\/uploads\/2025\/09\/1000843873.webp\" alt=\"\" class=\"wp-image-37320\" srcset=\"https:\/\/istanbulchannel.net\/wp-content\/uploads\/2025\/09\/1000843873.webp 960w, https:\/\/istanbulchannel.net\/wp-content\/uploads\/2025\/09\/1000843873-300x169.webp 300w, https:\/\/istanbulchannel.net\/wp-content\/uploads\/2025\/09\/1000843873-768x432.webp 768w\" sizes=\"auto, (max-width: 960px) 100vw, 960px\" \/><\/figure>\n\n\n\n<p><strong>KILI\u00c7DARO\u011eLU KAYYUMU \u00d6NCEDEN M\u0130 B\u0130L\u0130YORDU?&nbsp;<\/strong><\/p>\n\n\n\n<p>K\u0131l\u0131\u00e7daro\u011flu&#8217;nun kongre iptallerine ili\u015fkin s\u00fcre\u00e7ten \u00f6nceden haberdar oldu\u011funu iddia edenler de var. G\u00fcrsel Tekin&#8217;in parti kurmak istedi\u011fi, buna kar\u015f\u0131l\u0131k K\u0131l\u0131\u00e7daro\u011flu&#8217;nun, &#8220;Acale etme kurultay iptal olabilir&#8221; dedi\u011fi belirtiliyor. \u0130ddialar\u0131n kayna\u011f\u0131,\u00a0CHP\u00a0eski Genel Sekreteri Mehmet Sevigen. Sevigen,\u00a0Kemal K\u0131l\u0131\u00e7daro\u011flu ile G\u00fcrsel Tekin aras\u0131nda ger\u00e7ekle\u015fen bir konu\u015fmay\u0131 aktar\u0131rken \u015funlar\u0131 s\u00f6yledi:<\/p>\n\n\n\n<p>&#8220;G\u00fcrsel Tekin, ben ve \u015e\u00fckr\u00fc Gen\u00e7 vard\u0131k. San\u0131r\u0131m \u015e\u00fckr\u00fc tutuklanmadan 10 g\u00fcn \u00f6nce ger\u00e7ekle\u015fti bu g\u00f6r\u00fc\u015fme. O zaman kurultay tart\u0131\u015fmalar\u0131 yeni ba\u015flam\u0131\u015ft\u0131. G\u00fcrsel Tekin parti i\u00e7erisinde kar\u0131\u015f\u0131kl\u0131\u011f\u0131 g\u00f6r\u00fcnce parti kurma fikri ortaya \u00e7\u0131k\u0131yor. Ankara\u2019ya giderek bu konuyu uzun uzun Kemal K\u0131l\u0131\u00e7daro\u011flu\u2019na anlat\u0131yor. Elini ta\u015f\u0131n alt\u0131na koymak istedi\u011fini s\u00f6yl\u00fcyor. Yapt\u0131\u011f\u0131 ara\u015ft\u0131rmalar\u0131 anlat\u0131yor. Kemal Bey, \u2018Acele etme. Kurultay iptal olabilir\u2019 diyor. &#8220;<\/p>\n\n\n\n<figure class=\"wp-block-image size-full\"><img loading=\"lazy\" decoding=\"async\" width=\"960\" height=\"540\" src=\"https:\/\/istanbulchannel.net\/wp-content\/uploads\/2025\/09\/1000843873-1.webp\" alt=\"\" class=\"wp-image-37321\" srcset=\"https:\/\/istanbulchannel.net\/wp-content\/uploads\/2025\/09\/1000843873-1.webp 960w, https:\/\/istanbulchannel.net\/wp-content\/uploads\/2025\/09\/1000843873-1-300x169.webp 300w, https:\/\/istanbulchannel.net\/wp-content\/uploads\/2025\/09\/1000843873-1-768x432.webp 768w\" sizes=\"auto, (max-width: 960px) 100vw, 960px\" \/><\/figure>\n\n\n\n<p><strong>TEK\u0130N G\u00d6REV\u0130 Y\u00dcR\u00dcTMEYE KARARLI<\/strong><\/p>\n\n\n\n<p>G\u00fcrsel Tekin, bug\u00fcn yapt\u0131\u011f\u0131 a\u00e7\u0131klamada, \u00f6nce il ba\u015fkanl\u0131\u011f\u0131 binas\u0131na gitmeden, g\u00f6revi y\u00fcr\u00fctece\u011finin i\u015faretini verdi. Tekin,&nbsp;&#8220;Ben ve arkada\u015flar\u0131m bug\u00fcn itibariyle g\u00f6reve ba\u015flad\u0131k. Ba\u015fkanl\u0131k illa binada yap\u0131lmaz. \u00dc\u00e7 bu\u00e7uk y\u0131ll\u0131k il ba\u015fkanl\u0131\u011f\u0131 d\u00f6neminde de parti binam\u0131za en fazla 40-45 g\u00fcn kalm\u0131\u015f\u0131md\u0131r. Binada oturarak siyaset yap\u0131lmaz. Particili\u011fimi de kimseye tart\u0131\u015ft\u0131rtmam.&#8221;dedi.<\/p>\n\n\n\n<p>Tekin daha sonra yapt\u0131\u011f\u0131 a\u00e7\u0131klamada da, &#8220;Bina hepimize yeter, b\u00fcy\u00fck bir bina, elbette binaya gidece\u011fiz, sonu\u00e7ta partimizin binas\u0131, gidi\u015fimizin g\u00fcn\u00fc ve zaman\u0131 \u00f6nemli de\u011fil&#8221; dedi. Tekin, partiden ihra\u00e7 edildi\u011fine ili\u015fkin karar\u0131n da bu a\u00e7\u0131klamay\u0131 yapt\u0131\u011f\u0131 s\u0131rada kendisine ula\u015fmad\u0131\u011f\u0131n\u0131 s\u00f6yledi.<\/p>\n\n\n\n<p>CHP, mahkemenin karar\u0131n\u0131n hukuksuz oldu\u011funda \u0131srarl\u0131 ve itiraz yollar\u0131n\u0131 kullanacak.\u00a0<\/p>\n\n\n\n<figure class=\"wp-block-image size-full\"><img loading=\"lazy\" decoding=\"async\" width=\"710\" height=\"533\" src=\"https:\/\/istanbulchannel.net\/wp-content\/uploads\/2025\/09\/1000843870-1.webp\" alt=\"\" class=\"wp-image-37322\" srcset=\"https:\/\/istanbulchannel.net\/wp-content\/uploads\/2025\/09\/1000843870-1.webp 710w, https:\/\/istanbulchannel.net\/wp-content\/uploads\/2025\/09\/1000843870-1-300x225.webp 300w\" sizes=\"auto, (max-width: 710px) 100vw, 710px\" \/><\/figure>\n\n\n\n<p><strong>CHP B\u00dcT\u00dcN \u0130T\u0130RAZ YOLLARINI KULLANACAK<\/strong><\/p>\n\n\n\n<p>CHP&#8217;nin Y\u00fcksek Se\u00e7im Kurulu Temsilcisi Mehmet Hadimi Yakupo\u011flu da geli\u015fmelerle ilgili olarak \u015funlar\u0131 s\u00f6yledi:<\/p>\n\n\n\n<p>&#8220;Asliye Hukuk Mahkemeleri sadece Siyasi Partiler Kanununda d\u00fczenlenmemi\u015f konularda yetkilidir. Bu konular da kongrelerin a\u00e7\u0131l\u0131p , kongre ba\u015fkanl\u0131k divan\u0131n\u0131n olu\u015fmas\u0131ndan ba\u015flar g\u00fcndem maddeleri g\u00f6r\u00fc\u015f\u00fcl\u00fcr ve s\u0131ra se\u00e7im maddesine geldi\u011fi ana kadar olan s\u00fcre\u00e7le s\u0131n\u0131rl\u0131d\u0131r. Se\u00e7ime ge\u00e7ildi\u011fi anda divan kalkar se\u00e7imleri yapmak \u00fczere g\u00f6revi il\u00e7e se\u00e7im hakimi devral\u0131r ve se\u00e7imleri yap\u0131p sonu\u00e7lar\u0131n\u0131 kesinle\u015ftirdikten sonra se\u00e7ilenlerin mazbatalar\u0131n\u0131 bizzat verir. Siyasi Partilerin kongrelerindeki se\u00e7imler Siyasi Partiler Kanunu 21.maddesine g\u00f6re hakim g\u00f6zetim ve denetiminde yap\u0131l\u0131r ve il\u00e7e se\u00e7im kurulu hakiminin verdi\u011fi karar da bu maddeye g\u00f6re kesindir. Bu karar\u0131 sadece Y\u00fcksek Se\u00e7im Kurulu Anayasa&#8217;m\u0131z\u0131n 79.maddesine g\u00f6re tam kanunsuzlukla kald\u0131rabilir. Asliye hukuk mahkemelerinin bu kararlar\u0131 kald\u0131rma yetkileri yoktur. Yani il\u00e7e se\u00e7im kurulunun verdi\u011fi mazbatay\u0131 sadece Anayasa&#8217;m\u0131z\u0131n 79.maddesine g\u00f6re Y\u00fcksek Se\u00e7im Kurulu iptal edebilir. Yine Anayasa&#8217;m\u0131z\u0131n 79.maddesine g\u00f6re YSK kararlar\u0131 da kesi sir ve herkes uymak zorundad\u0131r. Anayasa Mahkemesi ve Avrupa \u0130nsan Haklar\u0131 Mahkemesi dahi YSK kararlar\u0131n\u0131 inceleyip denetleyemeyiz demi\u015flerdir. Bu sebeple verilen karar do\u011frudan Anayasa&#8217;m\u0131z\u0131n 79.maddesine ve Siyasi Partiler Kanunu 21.maddesine ayk\u0131r\u0131 oldu\u011fundan g\u00f6rev gasb\u0131d\u0131r<strong>.&#8221;<\/strong><\/p>\n\n\n\n<figure class=\"wp-block-image size-full\"><img loading=\"lazy\" decoding=\"async\" width=\"960\" height=\"540\" src=\"https:\/\/istanbulchannel.net\/wp-content\/uploads\/2025\/09\/1000843873-2.webp\" alt=\"\" class=\"wp-image-37323\" srcset=\"https:\/\/istanbulchannel.net\/wp-content\/uploads\/2025\/09\/1000843873-2.webp 960w, https:\/\/istanbulchannel.net\/wp-content\/uploads\/2025\/09\/1000843873-2-300x169.webp 300w, https:\/\/istanbulchannel.net\/wp-content\/uploads\/2025\/09\/1000843873-2-768x432.webp 768w\" sizes=\"auto, (max-width: 960px) 100vw, 960px\" \/><\/figure>\n\n\n\n<p><strong>SGK KAYITLARI VURGUSU<\/strong><\/p>\n\n\n\n<p>S\u00fcren tart\u0131\u015fmalarda, mahkemenin \u0130stanbul \u0130l kongresini iptaliyle, eyl\u00fcl ay\u0131nda \u00e7\u0131kmas\u0131 beklenen CHP kongresine y\u00f6nelik karar aras\u0131nda ba\u011flant\u0131 kuruluyor.&nbsp;<\/p>\n\n\n\n<p>\u0130l kongresinin iptal edildi\u011fi mahkeme karar\u0131nda, &#8220;Bulunan ifade tutanaklar\u0131, tapu kay\u0131tlar\u0131, SGK kay\u0131tlar\u0131, banka yaz\u0131 cevaplar\u0131, di\u011fer resmi kurumlardan gelen bilgi ve belgeler ile mahkeme dosyas\u0131n\u0131n t\u00fcm i\u00e7eri\u011fi birlikte de\u011ferlendirildi\u011finde, davac\u0131 taraf\u0131n iddialar\u0131n\u0131n basit bir iddian\u0131n ilerisine ge\u00e7ti\u011fi ve ger\u00e7ekle\u015fen se\u00e7imlerin demokrasi ve e\u015fitlik esaslar\u0131na ayk\u0131r\u0131 yap\u0131ld\u0131\u011f\u0131, delege iradelerinin \u00e7e\u015fitli menfaatler kar\u015f\u0131l\u0131\u011f\u0131 etkilendi\u011fi hususlar\u0131nda yakla\u015f\u0131k ispat \u015fart\u0131 sa\u011flanm\u0131\u015ft\u0131r.&#8221; denildi.<\/p>\n\n\n\n<p>Bu kararda, SGK kay\u0131tlar\u0131na vurgu yap\u0131lmas\u0131yla, CHP kongresine y\u00f6nelik iddianamede de yine SGK kay\u0131tlar\u0131na g\u00f6nderme yap\u0131lmas\u0131 aras\u0131nda benzerlik g\u00f6r\u00fcl\u00fcyor, bu benzerlik \u00fczerinden siyasi yorumlar yap\u0131l\u0131yor.&nbsp;&nbsp;<\/p>\n\n\n\n<p><strong>G\u00d6ZLER 15 EYL\u00dcL&#8217;DE: BENZER \u0130DD\u0130ALAR G\u00dcNDEMDE<\/strong><\/p>\n\n\n\n<p>15 Eyl\u00fcl&#8217;de g\u00f6r\u00fclecek olan kurultay davas\u0131 iddianamesinde, 4-5 Kas\u0131m 2023&#8217;te Ankara Spor Salonu&#8217;nda yap\u0131lan CHP 38. Ola\u011fan Kurultay\u0131&#8217;nda Divan Ba\u015fkan\u0131 olarak g\u00f6rev yapan Ekrem \u0130mamo\u011flu ve di\u011fer \u015f\u00fcphelilerin ortak hareket ederek, kurultayda oy kullanan baz\u0131 delegelere y\u00f6nelik \u00e7e\u015fitli usuls\u00fcz faaliyetlerde bulundu\u011fu \u00f6ne s\u00fcr\u00fcld\u00fc.<\/p>\n\n\n\n<p>Bu kapsamda baz\u0131 delegelere para verildi\u011fi, baz\u0131lar\u0131na farkl\u0131 il ve il\u00e7elerde belediye ba\u015fkanl\u0131\u011f\u0131 ya da belediye meclis \u00fcyeli\u011fi adayl\u0131klar\u0131n\u0131n teklif edildi\u011fi iddia edildi.<\/p>\n\n\n\n<p>\u0130ddianamede ayr\u0131ca baz\u0131 delegeler ile yak\u0131nlar\u0131n\u0131n CHP&#8217;li belediyeler ve bu belediyelere ba\u011fl\u0131 \u015firket ya da i\u015ftiraklerde i\u015fe al\u0131nd\u0131\u011f\u0131, baz\u0131 delegelere de market al\u0131\u015fveri\u015f kart\u0131 da\u011f\u0131t\u0131ld\u0131\u011f\u0131 \u00f6ne s\u00fcr\u00fcld\u00fc.<\/p>\n\n\n\n<p>kaynak:ntv.com.tr <\/p>\n","protected":false},"excerpt":{"rendered":"<p>CHP \u0130stanbul il y\u00f6netiminin g\u00f6revden uzakla\u015ft\u0131r\u0131lmas\u0131 eski Genel Ba\u015fkan Kemal K\u0131l\u0131\u00e7daro\u011flu&#8217;nun yeniden g\u00f6reve gelece\u011fine y\u00f6nelik tart\u0131\u015fmalar\u0131 alevlendirdi. K\u0131l\u0131\u00e7daro\u011flu&#8217;nun kongre iptallerini \u00f6nceden bildi\u011fine y\u00f6nelik iddialar<\/p>\n","protected":false},"author":2,"featured_media":37322,"comment_status":"closed","ping_status":"closed","sticky":false,"template":"","format":"standard","meta":{"footnotes":""},"categories":[11,12,185,176,15,411],"tags":[316,374,1399,590],"class_list":["post-37316","post","type-post","status-publish","format-standard","has-post-thumbnail","hentry","category-genel","category-gundem","category-manset","category-siyaset","category-turkiye","category-yerel","tag-gursel-tekin","tag-kemal-kilicdaroglu","tag-ozgur-celik","tag-ozgur-ozel"],"_links":{"self":[{"href":"https:\/\/istanbulchannel.net\/index.php\/wp-json\/wp\/v2\/posts\/37316","targetHints":{"allow":["GET"]}}],"collection":[{"href":"https:\/\/istanbulchannel.net\/index.php\/wp-json\/wp\/v2\/posts"}],"about":[{"href":"https:\/\/istanbulchannel.net\/index.php\/wp-json\/wp\/v2\/types\/post"}],"author":[{"embeddable":true,"href":"https:\/\/istanbulchannel.net\/index.php\/wp-json\/wp\/v2\/users\/2"}],"replies":[{"embeddable":true,"href":"https:\/\/istanbulchannel.net\/index.php\/wp-json\/wp\/v2\/comments?post=37316"}],"version-history":[{"count":1,"href":"https:\/\/istanbulchannel.net\/index.php\/wp-json\/wp\/v2\/posts\/37316\/revisions"}],"predecessor-version":[{"id":37324,"href":"https:\/\/istanbulchannel.net\/index.php\/wp-json\/wp\/v2\/posts\/37316\/revisions\/37324"}],"wp:featuredmedia":[{"embeddable":true,"href":"https:\/\/istanbulchannel.net\/index.php\/wp-json\/wp\/v2\/media\/37322"}],"wp:attachment":[{"href":"https:\/\/istanbulchannel.net\/index.php\/wp-json\/wp\/v2\/media?parent=37316"}],"wp:term":[{"taxonomy":"category","embeddable":true,"href":"https:\/\/istanbulchannel.net\/index.php\/wp-json\/wp\/v2\/categories?post=37316"},{"taxonomy":"post_tag","embeddable":true,"href":"https:\/\/istanbulchannel.net\/index.php\/wp-json\/wp\/v2\/tags?post=37316"}],"curies":[{"name":"wp","href":"https:\/\/api.w.org\/{rel}","templated":true}]}}