{"id":36890,"date":"2025-07-30T10:42:52","date_gmt":"2025-07-30T10:42:52","guid":{"rendered":"https:\/\/istanbulchannel.net\/?p=36890"},"modified":"2025-07-30T10:57:47","modified_gmt":"2025-07-30T10:57:47","slug":"dunyayi-avucunda-tutan-kadin-elcin-erez-carrarada","status":"publish","type":"post","link":"https:\/\/istanbulchannel.net\/index.php\/2025\/07\/30\/dunyayi-avucunda-tutan-kadin-elcin-erez-carrarada\/","title":{"rendered":"D\u00fcnyay\u0131 Avucunda Tutan Kad\u0131n El\u00e7in Erez Carrara&#8217;da"},"content":{"rendered":"\n<p><strong>D\u00fcnyay\u0131 Avucunda Tutan Kad\u0131n El\u00e7in Erez bu kez Carrara \u015eehrine gitti.Carrara Mermer Oca\u011f\u0131n\u0131 gezdi.Sant\u2019Andrea Katedralinin tarihi dokusunu hissetti.D\u00fcnyaca \u00fcnl\u00fc sanat\u00e7\u0131 Zucchero Fornaciari ile sanat \u00fczerine sohbet etti.El\u00e7in Erez Avucundan d\u00f6k\u00fclen deneyimleri \u0130stanbul Channel izleyicileri ile payla\u015ft\u0131.<\/strong><\/p>\n\n\n\n<figure class=\"wp-block-image size-large\"><img loading=\"lazy\" decoding=\"async\" width=\"450\" height=\"600\" src=\"http:\/\/istanbulchannel.net\/wp-content\/uploads\/2025\/07\/1000781943-450x600.jpg\" alt=\"\" class=\"wp-image-36900\" srcset=\"https:\/\/istanbulchannel.net\/wp-content\/uploads\/2025\/07\/1000781943-450x600.jpg 450w, https:\/\/istanbulchannel.net\/wp-content\/uploads\/2025\/07\/1000781943-225x300.jpg 225w, https:\/\/istanbulchannel.net\/wp-content\/uploads\/2025\/07\/1000781943-768x1024.jpg 768w, https:\/\/istanbulchannel.net\/wp-content\/uploads\/2025\/07\/1000781943-1152x1536.jpg 1152w, https:\/\/istanbulchannel.net\/wp-content\/uploads\/2025\/07\/1000781943.jpg 1200w\" sizes=\"auto, (max-width: 450px) 100vw, 450px\" \/><\/figure>\n\n\n\n<p><strong>Carrara Mermeri<br>Sanat\u0131n \u0130ncisi, Do\u011fal Ta\u015flar\u0131n Krali\u00e7esi<\/strong><\/p>\n\n\n\n<figure class=\"wp-block-image size-large\"><img loading=\"lazy\" decoding=\"async\" width=\"454\" height=\"600\" src=\"https:\/\/istanbulchannel.net\/wp-content\/uploads\/2025\/07\/1000781912-454x600.jpg\" alt=\"\" class=\"wp-image-36893\" srcset=\"https:\/\/istanbulchannel.net\/wp-content\/uploads\/2025\/07\/1000781912-454x600.jpg 454w, https:\/\/istanbulchannel.net\/wp-content\/uploads\/2025\/07\/1000781912-227x300.jpg 227w, https:\/\/istanbulchannel.net\/wp-content\/uploads\/2025\/07\/1000781912-768x1015.jpg 768w, https:\/\/istanbulchannel.net\/wp-content\/uploads\/2025\/07\/1000781912-1163x1536.jpg 1163w, https:\/\/istanbulchannel.net\/wp-content\/uploads\/2025\/07\/1000781912.jpg 1211w\" sizes=\"auto, (max-width: 454px) 100vw, 454px\" \/><\/figure>\n\n\n\n<p>Toskana&#8217;n\u0131n g\u00fczel sahilinde ilerlerken, uzaktaki da\u011flar\u0131n tepesinde beliren parlak beyazl\u0131k dikkatimi \u00e7ekti ve merakla bu \u0131\u015f\u0131lt\u0131n\u0131n kayna\u011f\u0131n\u0131 ara\u015ft\u0131rmaya ba\u015flad\u0131m. Carrara \u015fehrine ula\u015ft\u0131m ve bu \u015fehri \u00e7evreleyen da\u011flardan \u00e7\u0131kar\u0131lan do\u011fal ta\u015f\u0131n Carrara Mermeri oldu\u011funu \u00f6\u011frendim. Bu benzersiz mermerin genellikle i\u00e7 dekorasyonlarda kullan\u0131ld\u0131\u011f\u0131n\u0131 d\u00fc\u015f\u00fcn\u00fcrd\u00fcm. Tarihi kilise olan Sant\u2019Andrea Katedralinin tamam\u0131nda ve \u00e7o\u011fu binalar\u0131n d\u0131\u015f cephesinde de kullan\u0131lan bu mermerin etkileyici g\u00fczelli\u011fine tan\u0131k oldum.<\/p>\n\n\n\n<figure class=\"wp-block-image size-large\"><img loading=\"lazy\" decoding=\"async\" width=\"462\" height=\"600\" src=\"https:\/\/istanbulchannel.net\/wp-content\/uploads\/2025\/07\/1000781909-462x600.jpg\" alt=\"\" class=\"wp-image-36895\" srcset=\"https:\/\/istanbulchannel.net\/wp-content\/uploads\/2025\/07\/1000781909-462x600.jpg 462w, https:\/\/istanbulchannel.net\/wp-content\/uploads\/2025\/07\/1000781909-231x300.jpg 231w, https:\/\/istanbulchannel.net\/wp-content\/uploads\/2025\/07\/1000781909-768x997.jpg 768w, https:\/\/istanbulchannel.net\/wp-content\/uploads\/2025\/07\/1000781909-1183x1536.jpg 1183w, https:\/\/istanbulchannel.net\/wp-content\/uploads\/2025\/07\/1000781909.jpg 1232w\" sizes=\"auto, (max-width: 462px) 100vw, 462px\" \/><\/figure>\n\n\n\n<p>Carrara mermeri, sanat d\u00fcnyas\u0131nda ve mimaride y\u00fczy\u0131llard\u0131r b\u00fcy\u00fcleyici eserlerin ve yap\u0131lar\u0131n yarat\u0131lmas\u0131nda kullan\u0131ld\u0131. Safl\u0131\u011f\u0131, dayan\u0131kl\u0131l\u0131\u011f\u0131 ve estetik de\u011feri ile e\u015fsiz bir ta\u015f olarak bilinir ve d\u00fcnyan\u0131n d\u00f6rt bir yan\u0131ndan sanat\u00e7\u0131lar\u0131, heykelt\u0131ra\u015flar\u0131 ve mimarlar\u0131 cezbetmeye devam eder.<\/p>\n\n\n\n<figure class=\"wp-block-video\"><video height=\"480\" style=\"aspect-ratio: 848 \/ 480;\" width=\"848\" controls src=\"https:\/\/istanbulchannel.net\/wp-content\/uploads\/2025\/07\/1000781915.mp4\"><\/video><\/figure>\n\n\n\n<p>R\u00f6nesans d\u00f6neminin \u00f6nde gelen sanat\u00e7\u0131lar\u0131ndan olan Michelangelo, Carrara mermerinin muhte\u015fem g\u00fczelli\u011fini ve dayan\u0131kl\u0131l\u0131\u011f\u0131n\u0131 kullanarak bir\u00e7ok unutulmaz eser yaratm\u0131\u015ft\u0131r. Bunlardan en bilineni, Floransa&#8217;n\u0131n sembol\u00fc haline gelen ve t\u00fcm d\u00fcnyada hayranl\u0131k uyand\u0131ran Davut heykelidir.<\/p>\n\n\n\n<figure class=\"wp-block-image size-large\"><img loading=\"lazy\" decoding=\"async\" width=\"479\" height=\"600\" src=\"https:\/\/istanbulchannel.net\/wp-content\/uploads\/2025\/07\/1000781906-479x600.jpg\" alt=\"\" class=\"wp-image-36897\" srcset=\"https:\/\/istanbulchannel.net\/wp-content\/uploads\/2025\/07\/1000781906-479x600.jpg 479w, https:\/\/istanbulchannel.net\/wp-content\/uploads\/2025\/07\/1000781906-239x300.jpg 239w, https:\/\/istanbulchannel.net\/wp-content\/uploads\/2025\/07\/1000781906-768x963.jpg 768w, https:\/\/istanbulchannel.net\/wp-content\/uploads\/2025\/07\/1000781906-1225x1536.jpg 1225w, https:\/\/istanbulchannel.net\/wp-content\/uploads\/2025\/07\/1000781906.jpg 1276w\" sizes=\"auto, (max-width: 479px) 100vw, 479px\" \/><\/figure>\n\n\n\n<p><br>Michelangelo, e\u015fsiz bir sanat eserine d\u00f6n\u00fc\u015fecek olan Davut heykelini yapmak i\u00e7in \u00f6zel olarak Carrara&#8217;ya gidip kendi elleriyle yakla\u015f\u0131k 5,50 metre uzunlu\u011funda bir blok mermer se\u00e7er.<\/p>\n\n\n\n<figure class=\"wp-block-image size-large\"><img loading=\"lazy\" decoding=\"async\" width=\"450\" height=\"600\" src=\"http:\/\/istanbulchannel.net\/wp-content\/uploads\/2025\/07\/1000781923-450x600.jpg\" alt=\"\" class=\"wp-image-36894\" srcset=\"https:\/\/istanbulchannel.net\/wp-content\/uploads\/2025\/07\/1000781923-450x600.jpg 450w, https:\/\/istanbulchannel.net\/wp-content\/uploads\/2025\/07\/1000781923-225x300.jpg 225w, https:\/\/istanbulchannel.net\/wp-content\/uploads\/2025\/07\/1000781923-768x1024.jpg 768w, https:\/\/istanbulchannel.net\/wp-content\/uploads\/2025\/07\/1000781923-1152x1536.jpg 1152w, https:\/\/istanbulchannel.net\/wp-content\/uploads\/2025\/07\/1000781923.jpg 1200w\" sizes=\"auto, (max-width: 450px) 100vw, 450px\" \/><\/figure>\n\n\n\n<p><br>Michelangelo&#8217;nun Carrara mermerini se\u00e7mesinin sebebi ise bu mermerin saf beyaz rengi ve damars\u0131z bir yap\u0131ya sahip olmas\u0131. Bu \u00f6zellikler, heykelin estetik de\u011ferini ve duygusal etkisini art\u0131rmaya yard\u0131mc\u0131 olmu\u015ftur. Michelangelo&#8217;nun ustal\u0131\u011f\u0131, mermer blo\u011fundan Davut&#8217;un g\u00f6rkemli fig\u00fcr\u00fcn\u00fc yaratmak i\u00e7in gereken incelik ve dikkatle birle\u015fti\u011finde, d\u00fcnya \u00fczerinde e\u015fi benzeri olmayan bir ba\u015fyap\u0131t meydana geldi.<\/p>\n\n\n\n<figure class=\"wp-block-video\"><video height=\"832\" style=\"aspect-ratio: 464 \/ 832;\" width=\"464\" controls src=\"https:\/\/istanbulchannel.net\/wp-content\/uploads\/2025\/07\/1000781926.mp4\"><\/video><\/figure>\n\n\n\n<p>Carrara mermeri, i\u015flenmesi ve \u015fekil verilmesi kolay olmas\u0131yla da bilinir, bu da sanat\u00e7\u0131lar\u0131n ve mimarlar\u0131n hayal g\u00fc\u00e7lerini s\u0131n\u0131rlamadan \u00e7al\u0131\u015fmalar\u0131na olanak tan\u0131r.<br>Do\u011fal olarak sert ve dayan\u0131kl\u0131 olan bu mermer t\u00fcr\u00fc, d\u0131\u015f etkenlere kar\u015f\u0131 diren\u00e7 g\u00f6sterir ve uzun y\u0131llar boyunca ilk g\u00fcnk\u00fc g\u00f6r\u00fcn\u00fcm\u00fcn\u00fc korur. Bu \u00f6zelli\u011fi ile yap\u0131 malzemelerinde ve heykellerde tercih edilen bir se\u00e7enek haline gelmi\u015ftir. Ayr\u0131ca d\u00fcnya \u00e7ap\u0131nda bir\u00e7ok \u00f6nemli yap\u0131da g\u00f6r\u00fcr\u00fcz. Londra&#8217;daki Marble Arch ve bir\u00e7ok \u00fcnl\u00fc m\u00fcze ve saray gibi yap\u0131lar, bu mermerin dayan\u0131kl\u0131l\u0131\u011f\u0131n\u0131 ve estetik g\u00fcc\u00fcn\u00fc g\u00f6zler \u00f6n\u00fcne seren \u00f6nemli \u00f6rnekler.<\/p>\n\n\n\n<figure class=\"wp-block-image size-large\"><img loading=\"lazy\" decoding=\"async\" width=\"454\" height=\"600\" src=\"https:\/\/istanbulchannel.net\/wp-content\/uploads\/2025\/07\/1000781912-1-454x600.jpg\" alt=\"\" class=\"wp-image-36899\" srcset=\"https:\/\/istanbulchannel.net\/wp-content\/uploads\/2025\/07\/1000781912-1-454x600.jpg 454w, https:\/\/istanbulchannel.net\/wp-content\/uploads\/2025\/07\/1000781912-1-227x300.jpg 227w, https:\/\/istanbulchannel.net\/wp-content\/uploads\/2025\/07\/1000781912-1-768x1015.jpg 768w, https:\/\/istanbulchannel.net\/wp-content\/uploads\/2025\/07\/1000781912-1-1163x1536.jpg 1163w, https:\/\/istanbulchannel.net\/wp-content\/uploads\/2025\/07\/1000781912-1.jpg 1211w\" sizes=\"auto, (max-width: 454px) 100vw, 454px\" \/><\/figure>\n\n\n\n<p>Tarihin derinliklerinden g\u00fcn\u00fcm\u00fcze bir\u00e7ok \u00fcnl\u00fc esere ev sahipli\u011fi yapm\u0131\u015f Carrara mermeri, insanl\u0131\u011f\u0131n yarat\u0131c\u0131l\u0131\u011f\u0131n\u0131, estetik anlay\u0131\u015f\u0131n\u0131 \u015fekillendirmeye ve gelecek nesiller i\u00e7in de ilham kayna\u011f\u0131 olmaya devam edecektir. Sonu\u00e7 olarak, Carrara mermeri sadece bir do\u011fal ta\u015f de\u011fil, ayn\u0131 zamanda sanat\u0131n ve mimarl\u0131\u011f\u0131n vazge\u00e7ilmez bir unsurudur.<\/p>\n\n\n\n<figure class=\"wp-block-image size-large\"><img loading=\"lazy\" decoding=\"async\" width=\"450\" height=\"600\" src=\"https:\/\/istanbulchannel.net\/wp-content\/uploads\/2025\/07\/1000781943-450x600.jpg\" alt=\"\" class=\"wp-image-36900\" srcset=\"https:\/\/istanbulchannel.net\/wp-content\/uploads\/2025\/07\/1000781943-450x600.jpg 450w, https:\/\/istanbulchannel.net\/wp-content\/uploads\/2025\/07\/1000781943-225x300.jpg 225w, https:\/\/istanbulchannel.net\/wp-content\/uploads\/2025\/07\/1000781943-768x1024.jpg 768w, https:\/\/istanbulchannel.net\/wp-content\/uploads\/2025\/07\/1000781943-1152x1536.jpg 1152w, https:\/\/istanbulchannel.net\/wp-content\/uploads\/2025\/07\/1000781943.jpg 1200w\" sizes=\"auto, (max-width: 450px) 100vw, 450px\" \/><\/figure>\n\n\n\n<p><strong>D\u00fcnyay\u0131 Avucunda Tutan Kad\u0131n El\u00e7in Erez D\u00fcnyaca \u00dcnl\u00fc Sanat\u00e7\u0131 Zucchero Fornaciari ile<\/strong><\/p>\n\n\n\n<figure class=\"wp-block-image size-large\"><img loading=\"lazy\" decoding=\"async\" width=\"338\" height=\"600\" src=\"https:\/\/istanbulchannel.net\/wp-content\/uploads\/2025\/07\/1000781937-338x600.jpg\" alt=\"\" class=\"wp-image-36904\" srcset=\"https:\/\/istanbulchannel.net\/wp-content\/uploads\/2025\/07\/1000781937-338x600.jpg 338w, https:\/\/istanbulchannel.net\/wp-content\/uploads\/2025\/07\/1000781937-169x300.jpg 169w, https:\/\/istanbulchannel.net\/wp-content\/uploads\/2025\/07\/1000781937-768x1365.jpg 768w, https:\/\/istanbulchannel.net\/wp-content\/uploads\/2025\/07\/1000781937-864x1536.jpg 864w, https:\/\/istanbulchannel.net\/wp-content\/uploads\/2025\/07\/1000781937.jpg 900w\" sizes=\"auto, (max-width: 338px) 100vw, 338px\" \/><\/figure>\n\n\n\n<p><\/p>\n","protected":false},"excerpt":{"rendered":"<p>D\u00fcnyay\u0131 Avucunda Tutan Kad\u0131n El\u00e7in Erez bu kez Carrara \u015eehrine gitti.Carrara Mermer Oca\u011f\u0131n\u0131 gezdi.Sant\u2019Andrea Katedralinin tarihi dokusunu hissetti.D\u00fcnyaca \u00fcnl\u00fc sanat\u00e7\u0131 Zucchero Fornaciari ile sanat<\/p>\n","protected":false},"author":2,"featured_media":36899,"comment_status":"closed","ping_status":"closed","sticky":false,"template":"","format":"standard","meta":{"footnotes":""},"categories":[9,11,12,184,1,185,189,188,411],"tags":[1442,1439,1440,1441,1443],"class_list":["post-36890","post","type-post","status-publish","format-standard","has-post-thumbnail","hentry","category-dunya","category-genel","category-gundem","category-kultur-sanat","category-magazin","category-manset","category-video-haber-galeri","category-yasam","category-yerel","tag-carrara","tag-dunyayi-avucunda-tutan-kadin","tag-elcin-erez","tag-istanbulchannelseyahat","tag-zucchero-fornaciari"],"_links":{"self":[{"href":"https:\/\/istanbulchannel.net\/index.php\/wp-json\/wp\/v2\/posts\/36890","targetHints":{"allow":["GET"]}}],"collection":[{"href":"https:\/\/istanbulchannel.net\/index.php\/wp-json\/wp\/v2\/posts"}],"about":[{"href":"https:\/\/istanbulchannel.net\/index.php\/wp-json\/wp\/v2\/types\/post"}],"author":[{"embeddable":true,"href":"https:\/\/istanbulchannel.net\/index.php\/wp-json\/wp\/v2\/users\/2"}],"replies":[{"embeddable":true,"href":"https:\/\/istanbulchannel.net\/index.php\/wp-json\/wp\/v2\/comments?post=36890"}],"version-history":[{"count":3,"href":"https:\/\/istanbulchannel.net\/index.php\/wp-json\/wp\/v2\/posts\/36890\/revisions"}],"predecessor-version":[{"id":36905,"href":"https:\/\/istanbulchannel.net\/index.php\/wp-json\/wp\/v2\/posts\/36890\/revisions\/36905"}],"wp:featuredmedia":[{"embeddable":true,"href":"https:\/\/istanbulchannel.net\/index.php\/wp-json\/wp\/v2\/media\/36899"}],"wp:attachment":[{"href":"https:\/\/istanbulchannel.net\/index.php\/wp-json\/wp\/v2\/media?parent=36890"}],"wp:term":[{"taxonomy":"category","embeddable":true,"href":"https:\/\/istanbulchannel.net\/index.php\/wp-json\/wp\/v2\/categories?post=36890"},{"taxonomy":"post_tag","embeddable":true,"href":"https:\/\/istanbulchannel.net\/index.php\/wp-json\/wp\/v2\/tags?post=36890"}],"curies":[{"name":"wp","href":"https:\/\/api.w.org\/{rel}","templated":true}]}}