{"id":36637,"date":"2025-04-23T11:38:35","date_gmt":"2025-04-23T11:38:35","guid":{"rendered":"https:\/\/istanbulchannel.net\/?p=36637"},"modified":"2025-04-23T11:39:54","modified_gmt":"2025-04-23T11:39:54","slug":"istanbulda-62-buyuklugunde-deprem","status":"publish","type":"post","link":"https:\/\/istanbulchannel.net\/index.php\/2025\/04\/23\/istanbulda-62-buyuklugunde-deprem\/","title":{"rendered":"\u0130stanbul&#8217;da 6,2 b\u00fcy\u00fckl\u00fc\u011f\u00fcnde deprem"},"content":{"rendered":"\n<p><strong>Silivri a\u00e7\u0131klar\u0131nda 3,9 b\u00fcy\u00fckl\u00fc\u011f\u00fcnde depremin ard\u0131ndan \u0130stanbul&#8217;da 12.49&#8217;da 6,2 b\u00fcy\u00fckl\u00fc\u011f\u00fcnde&nbsp;bir deprem daha meydana geldi. 10 saniye hissedilen deprem b\u00fcy\u00fck panik yaratt\u0131. Deprem \u00e7evre illerde de hissedilirken B\u00fcy\u00fck\u00e7ekmece&#8217;de&nbsp;5,9 b\u00fcy\u00fckl\u00fc\u011f\u00fcnde yeni deprem oldu. \u0130lk bulgularda y\u0131k\u0131m yok ancak asans\u00f6rlerde mahsur kalma ihbarlar\u0131 mevcut. Cumhurba\u015fkan\u0131 Recep Tayyip Erdo\u011fan, geli\u015fmeleri takip ettiklerini belirtip &#8220;Milletimize ge\u00e7mi\u015f olsun.&#8221; dedi.<\/strong><\/p>\n\n\n\n<figure class=\"wp-block-image size-full\"><img loading=\"lazy\" decoding=\"async\" width=\"710\" height=\"533\" src=\"https:\/\/istanbulchannel.net\/wp-content\/uploads\/2025\/04\/1000613196.webp\" alt=\"\" class=\"wp-image-36640\" srcset=\"https:\/\/istanbulchannel.net\/wp-content\/uploads\/2025\/04\/1000613196.webp 710w, https:\/\/istanbulchannel.net\/wp-content\/uploads\/2025\/04\/1000613196-300x225.webp 300w\" sizes=\"auto, (max-width: 710px) 100vw, 710px\" \/><\/figure>\n\n\n\n<p>Afet ve Acil Durum Y\u00f6netimi Ba\u015fkanl\u0131\u011f\u0131 (AFAD) internet sitesinde yer alan bilgiye g\u00f6re, merkez \u00fcss\u00fc Marmara Denizi,&nbsp;\u0130stanbul &#8216;un  Silivri il\u00e7esi a\u00e7\u0131klar\u0131 olan 3,9 b\u00fcy\u00fckl\u00fc\u011f\u00fcnde sars\u0131nt\u0131 kaydedildi.<\/p>\n\n\n\n<p>Depremin yerin 6,99 kilometre derinli\u011finde meydana geldi\u011fi belirlendi.<\/p>\n\n\n\n<p><strong>6,2 B\u00dcY\u00dcKL\u00dc\u011e\u00dcNDE B\u0130R DEPREM DAHA<\/strong><\/p>\n\n\n\n<p>Deprem \u00e7evre illerden de hissedilirken 12.49&#8217;da Silivri a\u00e7\u0131klar\u0131nda 6,2 b\u00fcy\u00fckl\u00fc\u011f\u00fcnde bir deprem daha meydana geldi.<\/p>\n\n\n\n<p>Deprem 6.92 kilometre derinlikte&nbsp;ger\u00e7ekle\u015fti.<\/p>\n\n\n\n<p><strong>ART\u00c7ILAR S\u00dcR\u00dcYOR<\/strong><\/p>\n\n\n\n<p>Art\u00e7\u0131lar devam ederken&nbsp;5,9 b\u00fcy\u00fckl\u00fc\u011f\u00fcnde bir deprem daha meydana geldi. B\u00fcy\u00fck\u00e7ekmece a\u00e7\u0131klar\u0131nda meydana gelen deprem, 6,99 kilometre derinlikte ger\u00e7ekle\u015fti.<\/p>\n\n\n\n<p>Cnn T\u00fcrk &#8216;te canl\u0131 yay\u0131nda deprem ani<\/p>\n\n\n\n<figure class=\"wp-block-video\"><video height=\"1920\" style=\"aspect-ratio: 1080 \/ 1920;\" width=\"1080\" controls src=\"https:\/\/istanbulchannel.net\/wp-content\/uploads\/2025\/04\/1000613195.mp4\"><\/video><\/figure>\n","protected":false},"excerpt":{"rendered":"<p>Silivri a\u00e7\u0131klar\u0131nda 3,9 b\u00fcy\u00fckl\u00fc\u011f\u00fcnde depremin ard\u0131ndan \u0130stanbul&#8217;da 12.49&#8217;da 6,2 b\u00fcy\u00fckl\u00fc\u011f\u00fcnde&nbsp;bir deprem daha meydana geldi. 10 saniye hissedilen deprem b\u00fcy\u00fck panik yaratt\u0131. Deprem \u00e7evre illerde<\/p>\n","protected":false},"author":2,"featured_media":36638,"comment_status":"closed","ping_status":"closed","sticky":false,"template":"","format":"standard","meta":{"footnotes":""},"categories":[11,12,185,15,188,411],"tags":[713,202],"class_list":["post-36637","post","type-post","status-publish","format-standard","has-post-thumbnail","hentry","category-genel","category-gundem","category-manset","category-turkiye","category-yasam","category-yerel","tag-deprem","tag-istanbul"],"_links":{"self":[{"href":"https:\/\/istanbulchannel.net\/index.php\/wp-json\/wp\/v2\/posts\/36637","targetHints":{"allow":["GET"]}}],"collection":[{"href":"https:\/\/istanbulchannel.net\/index.php\/wp-json\/wp\/v2\/posts"}],"about":[{"href":"https:\/\/istanbulchannel.net\/index.php\/wp-json\/wp\/v2\/types\/post"}],"author":[{"embeddable":true,"href":"https:\/\/istanbulchannel.net\/index.php\/wp-json\/wp\/v2\/users\/2"}],"replies":[{"embeddable":true,"href":"https:\/\/istanbulchannel.net\/index.php\/wp-json\/wp\/v2\/comments?post=36637"}],"version-history":[{"count":2,"href":"https:\/\/istanbulchannel.net\/index.php\/wp-json\/wp\/v2\/posts\/36637\/revisions"}],"predecessor-version":[{"id":36643,"href":"https:\/\/istanbulchannel.net\/index.php\/wp-json\/wp\/v2\/posts\/36637\/revisions\/36643"}],"wp:featuredmedia":[{"embeddable":true,"href":"https:\/\/istanbulchannel.net\/index.php\/wp-json\/wp\/v2\/media\/36638"}],"wp:attachment":[{"href":"https:\/\/istanbulchannel.net\/index.php\/wp-json\/wp\/v2\/media?parent=36637"}],"wp:term":[{"taxonomy":"category","embeddable":true,"href":"https:\/\/istanbulchannel.net\/index.php\/wp-json\/wp\/v2\/categories?post=36637"},{"taxonomy":"post_tag","embeddable":true,"href":"https:\/\/istanbulchannel.net\/index.php\/wp-json\/wp\/v2\/tags?post=36637"}],"curies":[{"name":"wp","href":"https:\/\/api.w.org\/{rel}","templated":true}]}}