{"id":3554,"date":"2021-08-16T17:33:01","date_gmt":"2021-08-16T17:33:01","guid":{"rendered":"https:\/\/haberglobal.com.tr\/dunya\/bosna-hersek-mahkemesinden-savas-sucuna-20-yil-hapis-cezasi-126649"},"modified":"2021-08-16T17:33:01","modified_gmt":"2021-08-16T17:33:01","slug":"bosna-hersek-mahkemesinden-savas-sucuna-20-yil-hapis-cezasi","status":"publish","type":"post","link":"https:\/\/istanbulchannel.net\/index.php\/2021\/08\/16\/bosna-hersek-mahkemesinden-savas-sucuna-20-yil-hapis-cezasi\/","title":{"rendered":"Bosna Hersek mahkemesinden sava\u015f su\u00e7una 20 y\u0131l hapis cezas\u0131"},"content":{"rendered":"<div class=\"media_block\"><\/div>\n<div><img decoding=\"async\" src=\"https:\/\/istanbulchannel.net\/wp-content\/uploads\/2021\/08\/bosna-hersek-mahkemesinden-savas-sucuna-20-yil-hapis-cezasi.jpg\" class=\"ff-og-image-inserted\"><\/div>\n<p>Bosna-Hersek Mahkemesi, yarg\u0131lanmas\u0131na 2018 Ekim\u2019de ba\u015flanan eski S\u0131rp asker Rade Garic&#8217;i 20 y\u0131l hapsa mahkum etti. Mahkeme, Garic&#8217;in 1992-1995 y\u0131llar\u0131 aras\u0131nda ya\u015fanan sava\u015f s\u0131ras\u0131nda Bo\u015fnak M\u00fcsl\u00fcman sivillere y\u00f6nelik sistematik zulme kar\u0131\u015ft\u0131\u011f\u0131na karar vererek, Garic\u2019i 1992&#8217;de Vlasenica kasabas\u0131nda ve 1995&#8217;te Srebrenitsa\u2019daki vah\u015fetten su\u00e7lu buldu.<\/p>\n<p>Garic&#8217;in tutuklu bulundu\u011fu ifade edilirken, mahkemenin karar\u0131na itiraz edip etmeyece\u011fi hen\u00fcz bilinmiyor.<\/p>\n<p>Avrupa\u2019da \u0130kinci D\u00fcnya Sava\u015f\u0131 sonras\u0131 tek soyk\u0131r\u0131m\u0131 olarak kabul edilen Srebrenitsa\u2019da 8 binden fazla erkek ve \u00e7ocuk S\u0131rp polis ve askerler taraf\u0131ndan katledilmi\u015fti.<\/p>\n<p>Kaynak: \u0130HA<\/p>\n","protected":false},"excerpt":{"rendered":"<p>&lt;p&gt;Bosna-Hersek Mahkemesi, yarg\u0131lanmas\u0131na 2018 Ekim\u2019de ba\u015flanan eski S\u0131rp asker Rade Garic&#039;i 20 y\u0131l hapsa mahkum etti. Mahkeme, Garic&#039;in 1992-1995 y\u0131llar\u0131 aras\u0131nda&#8230;<\/p>\n","protected":false},"author":2,"featured_media":3555,"comment_status":"closed","ping_status":"closed","sticky":false,"template":"","format":"standard","meta":{"footnotes":""},"categories":[9],"tags":[],"class_list":["post-3554","post","type-post","status-publish","format-standard","has-post-thumbnail","hentry","category-dunya"],"amp_enabled":true,"_links":{"self":[{"href":"https:\/\/istanbulchannel.net\/index.php\/wp-json\/wp\/v2\/posts\/3554","targetHints":{"allow":["GET"]}}],"collection":[{"href":"https:\/\/istanbulchannel.net\/index.php\/wp-json\/wp\/v2\/posts"}],"about":[{"href":"https:\/\/istanbulchannel.net\/index.php\/wp-json\/wp\/v2\/types\/post"}],"author":[{"embeddable":true,"href":"https:\/\/istanbulchannel.net\/index.php\/wp-json\/wp\/v2\/users\/2"}],"replies":[{"embeddable":true,"href":"https:\/\/istanbulchannel.net\/index.php\/wp-json\/wp\/v2\/comments?post=3554"}],"version-history":[{"count":0,"href":"https:\/\/istanbulchannel.net\/index.php\/wp-json\/wp\/v2\/posts\/3554\/revisions"}],"wp:featuredmedia":[{"embeddable":true,"href":"https:\/\/istanbulchannel.net\/index.php\/wp-json\/wp\/v2\/media\/3555"}],"wp:attachment":[{"href":"https:\/\/istanbulchannel.net\/index.php\/wp-json\/wp\/v2\/media?parent=3554"}],"wp:term":[{"taxonomy":"category","embeddable":true,"href":"https:\/\/istanbulchannel.net\/index.php\/wp-json\/wp\/v2\/categories?post=3554"},{"taxonomy":"post_tag","embeddable":true,"href":"https:\/\/istanbulchannel.net\/index.php\/wp-json\/wp\/v2\/tags?post=3554"}],"curies":[{"name":"wp","href":"https:\/\/api.w.org\/{rel}","templated":true}]}}