{"id":3455,"date":"2021-08-16T13:25:41","date_gmt":"2021-08-16T13:25:41","guid":{"rendered":"https:\/\/haberglobal.com.tr\/dunya\/japonya-da-volkanik-patlama-sonrasi-yeni-bir-ada-kesfedildi-126592"},"modified":"2021-08-16T14:31:05","modified_gmt":"2021-08-16T14:31:05","slug":"volkanik-patlama-sonrasi-yeni-bir-ada-kesfedildi","status":"publish","type":"post","link":"https:\/\/istanbulchannel.net\/index.php\/2021\/08\/16\/volkanik-patlama-sonrasi-yeni-bir-ada-kesfedildi\/","title":{"rendered":"Volkanik patlama sonras\u0131 yeni bir ada ke\u015ffedildi"},"content":{"rendered":"<div class=\"media_block\"><\/div>\n<div><\/div>\n<p>Japonya&#8217;da ge\u00e7en hafta denizde meydana gelen volkanik hareketlili\u011fin ard\u0131ndan Tokyo&#8217;nun yakla\u015f\u0131k bin 200 kilometre g\u00fcneyinde yeni bir ada ke\u015ffedildi.<\/p>\n<p>Japonya Sahil G\u00fcvenlik Kuvvetleri taraf\u0131ndan yap\u0131lan a\u00e7\u0131klamada, Iwoto Adas\u0131 yak\u0131nlar\u0131nda ortaya \u00e7\u0131kan yeni adan\u0131n 1 kilometre \u00e7ap\u0131nda ve C harfi \u015feklinde oldu\u011fu bildirildi. Adan\u0131n, Pasifik&#8217;teki Ogasawara Adalar\u0131&#8217;n\u0131n par\u00e7as\u0131 olan Iwoto Adas\u0131&#8217;n\u0131n yakla\u015f\u0131k 50 km g\u00fcneyindeki bir denizalt\u0131 yanarda\u011f\u0131n\u0131n Cuma g\u00fcn\u00fc harekete ge\u00e7mesinin ard\u0131ndan ke\u015ffedildi\u011fi kaydedildi. Japonya Meteoroloji Ajans\u0131 (JMA) b\u00f6lgedeki volkanik hareketlili\u011fin devam etmesinin beklendi\u011fini a\u00e7\u0131klarken, b\u00f6lge a\u00e7\u0131klar\u0131nda yo\u011fun duman ve k\u00fcl kitlelerinin g\u00f6r\u00fclebilece\u011fi uyar\u0131s\u0131nda bulundu.<\/p>\n<p>Volkanik yap\u0131s\u0131 ile bilinen b\u00f6lgede 1904, 1914 ve 1986 y\u0131llar\u0131nda yeni adalar ke\u015ffedilmi\u015f, fakat adalar\u0131n tamam\u0131 zamanla sular alt\u0131nda kalm\u0131\u015ft\u0131. Japonya Sahil G\u00fcvenlik Kuvvetleri, 1986 y\u0131l\u0131nda bulunan adan\u0131n ise yakla\u015f\u0131k 2 ay sonra sulara g\u00f6m\u00fcld\u00fc\u011f\u00fcn\u00fc a\u00e7\u0131klam\u0131\u015ft\u0131.<\/p>\n<p>Kaynak: \u0130HA<\/p>\n","protected":false},"excerpt":{"rendered":"<p>&lt;p&gt;Japonya&#039;da ge\u00e7en hafta denizde meydana gelen volkanik hareketlili\u011fin ard\u0131ndan Tokyo&#039;nun yakla\u015f\u0131k bin 200 kilometre g\u00fcneyinde yeni bir ada ke\u015ffedildi.&lt;\/p&gt;<br \/>\n&lt;p&gt;Japonya Sahil G\u00fcvenlik&#8230;<\/p>\n","protected":false},"author":2,"featured_media":3456,"comment_status":"closed","ping_status":"closed","sticky":false,"template":"","format":"standard","meta":{"footnotes":""},"categories":[9],"tags":[],"class_list":["post-3455","post","type-post","status-publish","format-standard","has-post-thumbnail","hentry","category-dunya"],"amp_enabled":true,"_links":{"self":[{"href":"https:\/\/istanbulchannel.net\/index.php\/wp-json\/wp\/v2\/posts\/3455","targetHints":{"allow":["GET"]}}],"collection":[{"href":"https:\/\/istanbulchannel.net\/index.php\/wp-json\/wp\/v2\/posts"}],"about":[{"href":"https:\/\/istanbulchannel.net\/index.php\/wp-json\/wp\/v2\/types\/post"}],"author":[{"embeddable":true,"href":"https:\/\/istanbulchannel.net\/index.php\/wp-json\/wp\/v2\/users\/2"}],"replies":[{"embeddable":true,"href":"https:\/\/istanbulchannel.net\/index.php\/wp-json\/wp\/v2\/comments?post=3455"}],"version-history":[{"count":1,"href":"https:\/\/istanbulchannel.net\/index.php\/wp-json\/wp\/v2\/posts\/3455\/revisions"}],"predecessor-version":[{"id":3479,"href":"https:\/\/istanbulchannel.net\/index.php\/wp-json\/wp\/v2\/posts\/3455\/revisions\/3479"}],"wp:featuredmedia":[{"embeddable":true,"href":"https:\/\/istanbulchannel.net\/index.php\/wp-json\/wp\/v2\/media\/3456"}],"wp:attachment":[{"href":"https:\/\/istanbulchannel.net\/index.php\/wp-json\/wp\/v2\/media?parent=3455"}],"wp:term":[{"taxonomy":"category","embeddable":true,"href":"https:\/\/istanbulchannel.net\/index.php\/wp-json\/wp\/v2\/categories?post=3455"},{"taxonomy":"post_tag","embeddable":true,"href":"https:\/\/istanbulchannel.net\/index.php\/wp-json\/wp\/v2\/tags?post=3455"}],"curies":[{"name":"wp","href":"https:\/\/api.w.org\/{rel}","templated":true}]}}