{"id":34109,"date":"2024-03-11T07:12:05","date_gmt":"2024-03-11T07:12:05","guid":{"rendered":"https:\/\/istanbulchannel.net\/?p=34109"},"modified":"2024-03-11T07:14:00","modified_gmt":"2024-03-11T07:14:00","slug":"selcuk-balkan-yarimadada-ranta-ve-talana-izin-vermeyecegiz","status":"publish","type":"post","link":"https:\/\/istanbulchannel.net\/index.php\/2024\/03\/11\/selcuk-balkan-yarimadada-ranta-ve-talana-izin-vermeyecegiz\/","title":{"rendered":"Sel\u00e7uk Balkan &#8221;Yar\u0131mada&#8217;da ranta ve talana izin vermeyece\u011fiz&#8221;"},"content":{"rendered":"\n<p><strong>CHP Urla Belediye Ba\u015fkan Aday\u0131 Y\u00fcksek Mimar Sel\u00e7uk Balkan \u0130l\u00e7e \u00f6rg\u00fct\u00fcm\u00fcz, Belediye Meclis \u00dcyesi Adaylar\u0131m\u0131z ve \u0130l Ba\u015fkan\u0131m\u0131z Say\u0131n \u015eenol Aslano\u011flu\u2019nun kat\u0131l\u0131m\u0131yla do\u011fa severler ve b\u00f6lge sakinleri ile bir araya geldi.<\/strong><\/p>\n\n\n\n<figure class=\"wp-block-image size-large is-resized\"><img loading=\"lazy\" decoding=\"async\" width=\"905\" height=\"600\" src=\"https:\/\/istanbulchannel.net\/wp-content\/uploads\/2024\/03\/urla2-905x600.jpg\" alt=\"\" class=\"wp-image-34110\" style=\"width:1035px;height:auto\" srcset=\"https:\/\/istanbulchannel.net\/wp-content\/uploads\/2024\/03\/urla2-905x600.jpg 905w, https:\/\/istanbulchannel.net\/wp-content\/uploads\/2024\/03\/urla2-300x199.jpg 300w, https:\/\/istanbulchannel.net\/wp-content\/uploads\/2024\/03\/urla2-768x509.jpg 768w, https:\/\/istanbulchannel.net\/wp-content\/uploads\/2024\/03\/urla2.jpg 1080w\" sizes=\"auto, (max-width: 905px) 100vw, 905px\" \/><\/figure>\n\n\n\n<h3 class=\"wp-block-heading\">CHP Urla \u0130l\u00e7e \u00f6rg\u00fct\u00fc, Belediye Meclis \u00dcyesi Adaylar\u0131 ve \u0130l Ba\u015fkan\u0131 \u015eenol Aslano\u011flu\u2019nun kat\u0131l\u0131m\u0131yla, Urla il\u00e7esi Alt\u0131nk\u00f6y mevkiinde yakla\u015f\u0131k 65 d\u00f6n\u00fcm b\u00fcy\u00fckl\u00fc\u011f\u00fcndeki alanda bir adet jeotermal sondaj lokasyonu i\u00e7in \u00c7evre, \u015eehircilik ve \u0130klim De\u011fi\u015fikli\u011fi Bakanl\u0131\u011f\u0131 birimleri taraf\u0131ndan \u00c7ED s\u00fcrecinin ba\u015flat\u0131lmas\u0131n\u0131n ard\u0131ndan CHP Urla Belediye Ba\u015fkan Aday\u0131 Y\u00fcksek Mimar Sel\u00e7uk Balkan ile do\u011fa severler ve b\u00f6lge sakinleri duruma tepki g\u00f6stermek i\u00e7in bir araya geldik. <\/h3>\n\n\n\n<figure class=\"wp-block-image size-large is-resized\"><img loading=\"lazy\" decoding=\"async\" width=\"903\" height=\"600\" src=\"https:\/\/istanbulchannel.net\/wp-content\/uploads\/2024\/03\/urla6-903x600.jpg\" alt=\"\" class=\"wp-image-34111\" style=\"width:1035px;height:auto\" srcset=\"https:\/\/istanbulchannel.net\/wp-content\/uploads\/2024\/03\/urla6-903x600.jpg 903w, https:\/\/istanbulchannel.net\/wp-content\/uploads\/2024\/03\/urla6-300x199.jpg 300w, https:\/\/istanbulchannel.net\/wp-content\/uploads\/2024\/03\/urla6-768x511.jpg 768w, https:\/\/istanbulchannel.net\/wp-content\/uploads\/2024\/03\/urla6.jpg 1080w\" sizes=\"auto, (max-width: 903px) 100vw, 903px\" \/><\/figure>\n\n\n\n<h3 class=\"wp-block-heading\">Sel\u00e7uk Balkan&#8221; Bug\u00fcne kadar oldu\u011fu gibi do\u011fam\u0131z\u0131 ve \u00e7evremizi korumaya, bu s\u00fcre\u00e7lerin taraf\u0131 ve takip\u00e7isi olmaya devam edece\u011fiz. Yar\u0131mada\u2019da ranta ve talana izin vermeyece\u011fiz.&#8221; dedi.<br><\/h3>\n\n\n\n<figure class=\"wp-block-image size-large is-resized\"><img loading=\"lazy\" decoding=\"async\" width=\"904\" height=\"600\" src=\"https:\/\/istanbulchannel.net\/wp-content\/uploads\/2024\/03\/urla5-904x600.jpg\" alt=\"\" class=\"wp-image-34112\" style=\"width:1035px;height:auto\" srcset=\"https:\/\/istanbulchannel.net\/wp-content\/uploads\/2024\/03\/urla5-904x600.jpg 904w, https:\/\/istanbulchannel.net\/wp-content\/uploads\/2024\/03\/urla5-300x199.jpg 300w, https:\/\/istanbulchannel.net\/wp-content\/uploads\/2024\/03\/urla5-768x510.jpg 768w, https:\/\/istanbulchannel.net\/wp-content\/uploads\/2024\/03\/urla5.jpg 1080w\" sizes=\"auto, (max-width: 904px) 100vw, 904px\" \/><\/figure>\n\n\n\n<figure class=\"wp-block-image size-large is-resized\"><img loading=\"lazy\" decoding=\"async\" width=\"904\" height=\"600\" src=\"https:\/\/istanbulchannel.net\/wp-content\/uploads\/2024\/03\/urla3-904x600.jpg\" alt=\"\" class=\"wp-image-34115\" style=\"width:1035px;height:auto\" srcset=\"https:\/\/istanbulchannel.net\/wp-content\/uploads\/2024\/03\/urla3-904x600.jpg 904w, https:\/\/istanbulchannel.net\/wp-content\/uploads\/2024\/03\/urla3-300x199.jpg 300w, https:\/\/istanbulchannel.net\/wp-content\/uploads\/2024\/03\/urla3-768x510.jpg 768w, https:\/\/istanbulchannel.net\/wp-content\/uploads\/2024\/03\/urla3.jpg 1080w\" sizes=\"auto, (max-width: 904px) 100vw, 904px\" \/><\/figure>\n\n\n\n<figure class=\"wp-block-image size-large is-resized\"><img loading=\"lazy\" decoding=\"async\" width=\"904\" height=\"600\" src=\"https:\/\/istanbulchannel.net\/wp-content\/uploads\/2024\/03\/urla7-904x600.jpg\" alt=\"\" class=\"wp-image-34116\" style=\"width:1035px;height:auto\" srcset=\"https:\/\/istanbulchannel.net\/wp-content\/uploads\/2024\/03\/urla7-904x600.jpg 904w, https:\/\/istanbulchannel.net\/wp-content\/uploads\/2024\/03\/urla7-300x199.jpg 300w, https:\/\/istanbulchannel.net\/wp-content\/uploads\/2024\/03\/urla7-768x510.jpg 768w, https:\/\/istanbulchannel.net\/wp-content\/uploads\/2024\/03\/urla7.jpg 1080w\" sizes=\"auto, (max-width: 904px) 100vw, 904px\" \/><\/figure>\n\n\n\n<figure class=\"wp-block-image size-large is-resized\"><img loading=\"lazy\" decoding=\"async\" width=\"904\" height=\"600\" src=\"https:\/\/istanbulchannel.net\/wp-content\/uploads\/2024\/03\/urla-1-904x600.jpg\" alt=\"\" class=\"wp-image-34117\" style=\"width:1035px;height:auto\" srcset=\"https:\/\/istanbulchannel.net\/wp-content\/uploads\/2024\/03\/urla-1-904x600.jpg 904w, https:\/\/istanbulchannel.net\/wp-content\/uploads\/2024\/03\/urla-1-300x199.jpg 300w, https:\/\/istanbulchannel.net\/wp-content\/uploads\/2024\/03\/urla-1-768x510.jpg 768w, https:\/\/istanbulchannel.net\/wp-content\/uploads\/2024\/03\/urla-1.jpg 1080w\" sizes=\"auto, (max-width: 904px) 100vw, 904px\" \/><\/figure>\n","protected":false},"excerpt":{"rendered":"<p>CHP Urla Belediye Ba\u015fkan Aday\u0131 Y\u00fcksek Mimar Sel\u00e7uk Balkan \u0130l\u00e7e \u00f6rg\u00fct\u00fcm\u00fcz, Belediye Meclis \u00dcyesi Adaylar\u0131m\u0131z ve \u0130l Ba\u015fkan\u0131m\u0131z Say\u0131n \u015eenol Aslano\u011flu\u2019nun kat\u0131l\u0131m\u0131yla do\u011fa severler<\/p>\n","protected":false},"author":2,"featured_media":34111,"comment_status":"open","ping_status":"open","sticky":false,"template":"","format":"standard","meta":{"footnotes":""},"categories":[11,12,185,15,411],"tags":[403,402,315,481,180,483,1014,800,804],"class_list":["post-34109","post","type-post","status-publish","format-standard","has-post-thumbnail","hentry","category-genel","category-gundem","category-manset","category-turkiye","category-yerel","tag-sinankoyuncu-2","tag-vekilim","tag-chp","tag-chp-izmir-il-baskanligi","tag-istanbulchannel","tag-kanalistanbul","tag-selcuk-balkan","tag-urla","tag-urla-belediyesi"],"_links":{"self":[{"href":"https:\/\/istanbulchannel.net\/index.php\/wp-json\/wp\/v2\/posts\/34109","targetHints":{"allow":["GET"]}}],"collection":[{"href":"https:\/\/istanbulchannel.net\/index.php\/wp-json\/wp\/v2\/posts"}],"about":[{"href":"https:\/\/istanbulchannel.net\/index.php\/wp-json\/wp\/v2\/types\/post"}],"author":[{"embeddable":true,"href":"https:\/\/istanbulchannel.net\/index.php\/wp-json\/wp\/v2\/users\/2"}],"replies":[{"embeddable":true,"href":"https:\/\/istanbulchannel.net\/index.php\/wp-json\/wp\/v2\/comments?post=34109"}],"version-history":[{"count":2,"href":"https:\/\/istanbulchannel.net\/index.php\/wp-json\/wp\/v2\/posts\/34109\/revisions"}],"predecessor-version":[{"id":34118,"href":"https:\/\/istanbulchannel.net\/index.php\/wp-json\/wp\/v2\/posts\/34109\/revisions\/34118"}],"wp:featuredmedia":[{"embeddable":true,"href":"https:\/\/istanbulchannel.net\/index.php\/wp-json\/wp\/v2\/media\/34111"}],"wp:attachment":[{"href":"https:\/\/istanbulchannel.net\/index.php\/wp-json\/wp\/v2\/media?parent=34109"}],"wp:term":[{"taxonomy":"category","embeddable":true,"href":"https:\/\/istanbulchannel.net\/index.php\/wp-json\/wp\/v2\/categories?post=34109"},{"taxonomy":"post_tag","embeddable":true,"href":"https:\/\/istanbulchannel.net\/index.php\/wp-json\/wp\/v2\/tags?post=34109"}],"curies":[{"name":"wp","href":"https:\/\/api.w.org\/{rel}","templated":true}]}}