{"id":25524,"date":"2021-11-12T14:04:00","date_gmt":"2021-11-12T14:04:00","guid":{"rendered":"https:\/\/haberglobal.com.tr\/gundem\/chp-sozcusu-faik-oztraktan-fezleke-tepkisi-143386"},"modified":"2021-11-12T14:04:00","modified_gmt":"2021-11-12T14:04:00","slug":"chp-sozcusu-faik-oztraktan-fezleke-tepkisi","status":"publish","type":"post","link":"https:\/\/istanbulchannel.net\/index.php\/2021\/11\/12\/chp-sozcusu-faik-oztraktan-fezleke-tepkisi\/","title":{"rendered":"CHP S\u00f6zc\u00fcs\u00fc Faik \u00d6ztrak&#8217;tan fezleke tepkisi"},"content":{"rendered":"<p><img decoding=\"async\" src=\"https:\/\/istanbulchannel.net\/wp-content\/uploads\/2021\/11\/chp-sozcusu-faik-oztraktan-fezleke-tepkisi.jpg\"> <\/p>\n<div readability=\"31\">\n<div class=\"post-info \" readability=\"32\">\n<p> <span class=\"name d-none d-xl-inline-block\"> Yay\u0131nlanma: <\/span> <time class=\"time\" datetime=\"2021-11-12T17:04:00+03:00\">12.11.2021<span class=\"d-none d-md-inline-block\">&#8211; 17:04<\/span><\/time> <span class=\"updated-time d-none d-md-inline-block\"> <span class=\"name\"> \/ Son G\u00fcncelleme: <\/span> <time class=\"time\" datetime=\"2021-11-12T17:07:14+03:00\">12.11.2021<span> &#8211; 17:07<\/span><\/time> <\/span> <\/p>\n<\/p><\/div>\n<div class=\"post-detail-video-img\"> <a href=\"https:\/\/i.haberglobal.com.tr\/storage\/files\/images\/2021\/11\/12\/chp-sozcusu-faik-oztraktan-fezleke-tepkisi-SmYh.jpg\" class=\"post-detail-img data-fancybox d-block\" title=\"CHP S\u00f6zc\u00fcs\u00fc Faik \u00d6ztrak'tan fezleke tepkisi\" data-caption=\"CHP S\u00f6zc\u00fcs\u00fc Faik \u00d6ztrak'tan fezleke tepkisi\" data-fancybox> <\/p>\n<figure> <picture> <img loading=\"lazy\" decoding=\"async\" src=\"https:\/\/istanbulchannel.net\/wp-content\/uploads\/2021\/11\/chp-sozcusu-faik-oztraktan-fezleke-tepkisi.webp\" alt=\"CHP S\u00f6zc\u00fcs\u00fc Faik \u00d6ztrak'tan fezleke tepkisi\" width=\"1230\" height=\"692\"> <\/picture> <\/figure>\n<p> <\/a> <\/div>\n<\/p><\/div>\n<div readability=\"71.816303946883\">\n<p>CHP S\u00f6zc\u00fcs\u00fc Faik \u00d6ztrak, genel merkezde bas\u0131n toplant\u0131s\u0131 d\u00fczenledi. \u00d6ztrak, &#8220;Gazi Mustafa Kemal Atat\u00fcrk \u00f6zg\u00fcrl\u00fc\u011f\u00fcn, ba\u011f\u0131ms\u0131zl\u0131\u011f\u0131n, vatan sevgisinin, ayd\u0131nlanman\u0131n, cumhuriyetimizin ve ulusumuzun sembol\u00fcd\u00fcr. Ebedi istirahatgah\u0131 An\u0131tkabir&#8217;dir. Ebedi ikametgah\u0131 ise ulusumuzun kalbidir. Atat\u00fcrk ve onun ilkeleri, ulusumuzun, cumhuriyetimizin \u00e7imentosudur. Atat\u00fcrk&#8217;\u00fcn ebedi genel ba\u015fkan\u0131 oldu\u011fu Cumhuriyet Halk Partisi\u2019nin mensuplar\u0131 olarak, bu ger\u00e7e\u011fin her ge\u00e7en g\u00fcn daha iyi anla\u015f\u0131lmas\u0131ndan, elbette son derece bahtiyar\u0131z&#8221; diye konu\u015ftu.<\/p>\n<h2><strong>&#8220;KARA KI\u015e FONUNU KURUN&#8221;<\/strong><\/h2>\n<p>CHP&#8217;li \u00d6ztrak, zeytinya\u011f\u0131 fiyatlar\u0131nda ciddi art\u0131\u015f olaca\u011f\u0131n\u0131n s\u00f6ylendi\u011fine i\u015faret ederek, &#8220;Peki; emekli, i\u015f\u00e7i, memur, sabit gelirli, bu zam ya\u011fmurlar\u0131 kar\u015f\u0131s\u0131nda ne yapacak? Kendini nas\u0131l koruyacak? Bu y\u0131l ayr\u0131ms\u0131z t\u00fcm sabit gelirli yurtta\u015flar\u0131m\u0131za, ciddi bir kara k\u0131\u015f deste\u011fi \u015fart. Aksi halde kara k\u0131\u015f, milletimizi ezip ge\u00e7ecek. Genel ba\u015fkan\u0131m\u0131z ya\u015fanacaklar\u0131 g\u00f6rd\u00fc\u011f\u00fc i\u00e7in \u0131srarla &#8216;Kara k\u0131\u015f fonu kurun&#8217; dedi. &#8216;Elektrik \u00fcst\u00fcndeki TRT pay\u0131n\u0131 kald\u0131r\u0131n&#8217; demi\u015fti; onu \u015fimdi yap\u0131yorlar ama elektrikte as\u0131l vatanda\u015f\u0131m\u0131z\u0131 rahatlatacak olan k\u0131\u015f boyunca KDV\u2019nin kald\u0131r\u0131lmas\u0131d\u0131r. Bunun da vakit ge\u00e7irmeden yap\u0131lmas\u0131n\u0131 bekliyoruz. Korkmay\u0131n, ad\u0131na ba\u015fka bir \u015fey deyin; ama &#8216;kara k\u0131\u015f fonu&#8217;nu da kurun. Bu fonla yeter ki milletimizi rahatlat\u0131n&#8221; dedi.<\/p>\n<h2><strong>&#8220;HUKUK \u00d6N\u00dcNDE HERKES E\u015e\u0130TT\u0130R&#8221;<\/strong><\/h2>\n<p>CHP S\u00f6zc\u00fcs\u00fc \u00d6ztrak, \u0130Y\u0130 Parti&#8217;li L\u00fctf\u00fc T\u00fcrkkan\u2019\u0131n fezlekesi TBMM&#8217;ye geldi\u011finde oylar\u0131n\u0131n renginin sorulmas\u0131 \u00fczerine, &#8220;\u00d6ncelikle \u015funu ifade edeyim; siyaset\u00e7ilerin her t\u00fcrl\u00fc ele\u015ftiriye a\u00e7\u0131k olmas\u0131 gerekir. Savc\u0131l\u0131\u011f\u0131n haz\u0131rlad\u0131\u011f\u0131 fezlekeye gelince savc\u0131lar\u0131n, milletvekillerin kimli\u011fine g\u00f6re fezleke d\u00fczenlemeleri, adalet duygusunu incitir. Hukuk \u00f6n\u00fcnde herkes e\u015fittir. \u00c7ifte standart olmaz. Siyasi partilerin de fezlekeleri \u00f6\u00e7 alma duygusuyla siyasi lince hizmet edecek \u015fekilde de\u011ferlendirmelerini de do\u011fru bulmay\u0131z. Ayn\u0131 savc\u0131lar \u015fehit yak\u0131nlar\u0131n\u0131 hakaretler ederek kovan AK Parti&#8217;li belediye ba\u015fkan\u0131yla ilgili hangi i\u015flemi yapmaktad\u0131r? Merak ediyorum ya da bundan \u00f6nce \u015fehide \u2018kelle\u2019 diyenler, bu \u00fclkenin \u00e7ift\u00e7isine \u2018anan\u0131 da al git\u2019 diyenlere; bunlar hakk\u0131nda ayn\u0131 savc\u0131lar ne yapm\u0131\u015ft\u0131r? Bu soruyu da sormak istiyorum&#8221; diye konu\u015ftu.<\/p>\n<p>Faik \u00d6ztrak, CHP\u2019li Bolu Belediyesi\u2019nin yabanc\u0131 evliliklerde nikah tarifesine ili\u015fkin ald\u0131\u011f\u0131 karar\u0131n sorulmas\u0131 \u00fczerine de &#8220;Belediye ba\u015fkan\u0131n\u0131n bu kendi fikridir. Partimizin g\u00fcndeminde b\u00f6yle bir konu yoktur&#8221; diye cevap verdi.<\/p>\n<p class=\"news-source\">Kaynak: AA<\/p>\n<\/p><\/div>\n","protected":false},"excerpt":{"rendered":"<p> CHP S\u00f6zc\u00fcs\u00fc Faik \u00d6ztrak, \u0130Y\u0130 Parti Milletvekili L\u00fctf\u00fc T\u00fcrkkan hakk\u0131nda fezleke haz\u0131rlanmas\u0131yla ilgili, &#8220;Savc\u0131lar\u0131n, milletvekillerin kimli\u011fine g\u00f6re fezleke d\u00fczenlemeleri, adalet&#8230;<\/p>\n","protected":false},"author":2,"featured_media":25525,"comment_status":"closed","ping_status":"closed","sticky":false,"template":"","format":"standard","meta":{"footnotes":""},"categories":[12,185],"tags":[],"class_list":["post-25524","post","type-post","status-publish","format-standard","has-post-thumbnail","hentry","category-gundem","category-manset"],"_links":{"self":[{"href":"https:\/\/istanbulchannel.net\/index.php\/wp-json\/wp\/v2\/posts\/25524","targetHints":{"allow":["GET"]}}],"collection":[{"href":"https:\/\/istanbulchannel.net\/index.php\/wp-json\/wp\/v2\/posts"}],"about":[{"href":"https:\/\/istanbulchannel.net\/index.php\/wp-json\/wp\/v2\/types\/post"}],"author":[{"embeddable":true,"href":"https:\/\/istanbulchannel.net\/index.php\/wp-json\/wp\/v2\/users\/2"}],"replies":[{"embeddable":true,"href":"https:\/\/istanbulchannel.net\/index.php\/wp-json\/wp\/v2\/comments?post=25524"}],"version-history":[{"count":0,"href":"https:\/\/istanbulchannel.net\/index.php\/wp-json\/wp\/v2\/posts\/25524\/revisions"}],"wp:featuredmedia":[{"embeddable":true,"href":"https:\/\/istanbulchannel.net\/index.php\/wp-json\/wp\/v2\/media\/25525"}],"wp:attachment":[{"href":"https:\/\/istanbulchannel.net\/index.php\/wp-json\/wp\/v2\/media?parent=25524"}],"wp:term":[{"taxonomy":"category","embeddable":true,"href":"https:\/\/istanbulchannel.net\/index.php\/wp-json\/wp\/v2\/categories?post=25524"},{"taxonomy":"post_tag","embeddable":true,"href":"https:\/\/istanbulchannel.net\/index.php\/wp-json\/wp\/v2\/tags?post=25524"}],"curies":[{"name":"wp","href":"https:\/\/api.w.org\/{rel}","templated":true}]}}