{"id":25250,"date":"2021-11-11T13:47:00","date_gmt":"2021-11-11T13:47:00","guid":{"rendered":"https:\/\/haberglobal.com.tr\/gundem\/selahattin-demirtasin-esi-basak-demirtasa-hapis-cezasi-143181"},"modified":"2021-11-11T13:47:00","modified_gmt":"2021-11-11T13:47:00","slug":"selahattin-demirtasin-esi-basak-demirtasa-hapis-cezasi","status":"publish","type":"post","link":"https:\/\/istanbulchannel.net\/index.php\/2021\/11\/11\/selahattin-demirtasin-esi-basak-demirtasa-hapis-cezasi\/","title":{"rendered":"Selahattin Demirta\u015f&#8217;\u0131n e\u015fi Ba\u015fak Demirta\u015f&#8217;a hapis cezas\u0131!"},"content":{"rendered":"<p><img decoding=\"async\" src=\"https:\/\/istanbulchannel.net\/wp-content\/uploads\/2021\/11\/selahattin-demirtasin-esi-basak-demirtasa-hapis-cezasi.webp\"> <\/p>\n<div readability=\"31\">\n<div class=\"post-info \" readability=\"32\">\n<p> <span class=\"name d-none d-xl-inline-block\"> Yay\u0131nlanma: <\/span> <time class=\"time\" datetime=\"2021-11-11T16:47:00+03:00\">11.11.2021<span class=\"d-none d-md-inline-block\">&#8211; 16:47<\/span><\/time> <span class=\"updated-time d-none d-md-inline-block\"> <span class=\"name\"> \/ Son G\u00fcncelleme: <\/span> <time class=\"time\" datetime=\"2021-11-11T16:52:03+03:00\">11.11.2021<span> &#8211; 16:52<\/span><\/time> <\/span> <\/p>\n<\/p><\/div>\n<div class=\"post-detail-video-img\"> <a href=\"https:\/\/i.haberglobal.com.tr\/storage\/files\/images\/2021\/11\/11\/selahattin-demirtasin-esi-basak-demirtasa-hapis-cezasi-Ltop.jpg\" class=\"post-detail-img data-fancybox d-block\" title=\"Selahattin Demirta\u015f'\u0131n e\u015fi Ba\u015fak Demirta\u015f'a hapis cezas\u0131!\" data-caption=\"Selahattin Demirta\u015f'\u0131n e\u015fi Ba\u015fak Demirta\u015f'a hapis cezas\u0131!\" data-fancybox> <\/p>\n<figure> <picture> <img loading=\"lazy\" decoding=\"async\" src=\"https:\/\/istanbulchannel.net\/wp-content\/uploads\/2021\/11\/selahattin-demirtasin-esi-basak-demirtasa-hapis-cezasi-2.webp\" alt=\"Selahattin Demirta\u015f'\u0131n e\u015fi Ba\u015fak Demirta\u015f'a hapis cezas\u0131!\" width=\"1230\" height=\"692\"> <\/picture> <\/figure>\n<p> <\/a> <\/div>\n<\/p><\/div>\n<div readability=\"41.4\">\n<p>Edirne Cezaevi\u2019nde tutuklu bulunan eski <a href=\"https:\/\/haberglobal.com.tr\/haberleri\/hdp\" target=\"_blank\" rel=\"noopener\">HDP<\/a> E\u015f Genel Ba\u015fkan\u0131 <a href=\"https:\/\/haberglobal.com.tr\/haberleri\/selahattin-demirtas\" target=\"_blank\" rel=\"noopener\">Selahattin Demirta\u015f<\/a>\u2019\u0131n e\u015fi Ba\u015fak Demirta\u015f, 2015 y\u0131l\u0131nda ald\u0131\u011f\u0131 bir raporun \u2018ger\u00e7e\u011fe ayk\u0131r\u0131\u2019 oldu\u011fu su\u00e7lamas\u0131yla yarg\u0131lan\u0131yordu.<\/p>\n<p>Diyarbak\u0131r 6. A\u011f\u0131r Ceza Mahkemesi\u2019nde d\u00fcn g\u00f6r\u00fclen karar duru\u015fmas\u0131nda&nbsp;Ba\u015fak Demirta\u015f&nbsp;ve raporu d\u00fczenleyen Dr. R. B., 2\u2019\u015fer y\u0131l 6\u2019\u015far ay hapisle cezaland\u0131r\u0131ld\u0131.<\/p>\n<p>Karar\u0131n ard\u0131ndan a\u00e7\u0131klama yapan Demirta\u015f\u2019\u0131n avukatlar\u0131, durumun bir tarih hatas\u0131ndan kaynakland\u0131\u011f\u0131n\u0131, cezan\u0131n bu basit hayata ra\u011fmen verildi\u011fini bildirdi.<\/p>\n<p>Avukatlar, karara itiraz edeceklerini de a\u00e7\u0131klad\u0131.<\/p>\n<p class=\"news-source\">Kaynak: Di\u011fer<\/p>\n<\/p><\/div>\n","protected":false},"excerpt":{"rendered":"<p> HDP eski E\u015f Genel Ba\u015fkan\u0131\u00a0Selahattin Demirta\u015f&#8217;\u0131n e\u015fi Ba\u015fak Demirta\u015f, 2 y\u0131l 6 ay hapis cezas\u0131na \u00e7arpt\u0131r\u0131ld\u0131. &#8230;<\/p>\n","protected":false},"author":2,"featured_media":25251,"comment_status":"closed","ping_status":"closed","sticky":false,"template":"","format":"standard","meta":{"footnotes":""},"categories":[12,185],"tags":[],"class_list":["post-25250","post","type-post","status-publish","format-standard","has-post-thumbnail","hentry","category-gundem","category-manset"],"_links":{"self":[{"href":"https:\/\/istanbulchannel.net\/index.php\/wp-json\/wp\/v2\/posts\/25250","targetHints":{"allow":["GET"]}}],"collection":[{"href":"https:\/\/istanbulchannel.net\/index.php\/wp-json\/wp\/v2\/posts"}],"about":[{"href":"https:\/\/istanbulchannel.net\/index.php\/wp-json\/wp\/v2\/types\/post"}],"author":[{"embeddable":true,"href":"https:\/\/istanbulchannel.net\/index.php\/wp-json\/wp\/v2\/users\/2"}],"replies":[{"embeddable":true,"href":"https:\/\/istanbulchannel.net\/index.php\/wp-json\/wp\/v2\/comments?post=25250"}],"version-history":[{"count":0,"href":"https:\/\/istanbulchannel.net\/index.php\/wp-json\/wp\/v2\/posts\/25250\/revisions"}],"wp:featuredmedia":[{"embeddable":true,"href":"https:\/\/istanbulchannel.net\/index.php\/wp-json\/wp\/v2\/media\/25251"}],"wp:attachment":[{"href":"https:\/\/istanbulchannel.net\/index.php\/wp-json\/wp\/v2\/media?parent=25250"}],"wp:term":[{"taxonomy":"category","embeddable":true,"href":"https:\/\/istanbulchannel.net\/index.php\/wp-json\/wp\/v2\/categories?post=25250"},{"taxonomy":"post_tag","embeddable":true,"href":"https:\/\/istanbulchannel.net\/index.php\/wp-json\/wp\/v2\/tags?post=25250"}],"curies":[{"name":"wp","href":"https:\/\/api.w.org\/{rel}","templated":true}]}}