{"id":22507,"date":"2021-10-26T03:54:00","date_gmt":"2021-10-26T03:54:00","guid":{"rendered":"https:\/\/haberglobal.com.tr\/gundem\/son-dakika-meteorolojiden-26-ekim-hava-durumuna-iliskin-flas-uyari-sicakliklar-4-derece-birden-dusecek-140296"},"modified":"2021-10-26T03:54:00","modified_gmt":"2021-10-26T03:54:00","slug":"son-dakika-meteorolojiden-26-ekim-hava-durumuna-iliskin-flas-uyari-sicakliklar-4-derece-birden-dusecek","status":"publish","type":"post","link":"https:\/\/istanbulchannel.net\/index.php\/2021\/10\/26\/son-dakika-meteorolojiden-26-ekim-hava-durumuna-iliskin-flas-uyari-sicakliklar-4-derece-birden-dusecek\/","title":{"rendered":"Son Dakika Meteoroloji&#8217;den 26 Ekim hava durumuna ili\u015fkin fla\u015f uyar\u0131! S\u0131cakl\u0131klar 4 derece birden d\u00fc\u015fecek"},"content":{"rendered":"<p><img decoding=\"async\" src=\"https:\/\/istanbulchannel.net\/wp-content\/uploads\/2021\/10\/son-dakika-meteorolojiden-26-ekim-hava-durumuna-iliskin-flas-uyari-sicakliklar-4-derece-birden-dusecek.jpg\"> <\/p>\n<h2><strong>KUVVETL\u0130 R\u00dcZGAR VE Z\u0130RA\u0130 DON UYARISI<\/strong><\/h2>\n<p>Meteoroloji&#8217;den al\u0131nan son bilgilere g\u00f6re Marmara&#8217;n\u0131n kuzey ve bat\u0131s\u0131, Bat\u0131 Karadeniz&#8217;in bat\u0131s\u0131 ve Kuzey Ege&#8217;de kuzey ve kuzeydo\u011fu y\u00f6nlerden kuvvetli (40-60 km\/sa) r\u00fczgar bekleniyor.<\/p>\n<p>\u00d6te yandan&nbsp;Karadeniz\u2019in i\u00e7 kesimleri ve \u0130\u00e7 Anadolu&#8217;nun kuzeydo\u011fusunda zirai don tehlikesi riski bekleniyor. Bu nedenle ba\u015fta tar\u0131msal faaliyetlerle u\u011fra\u015fan \u00fcretici ve ilgililer ile vatanda\u015flar\u0131n dikkatli ve tedbirli olmalar\u0131 konusunda uyar\u0131lar yap\u0131ld\u0131.<\/p>\n<h2>&nbsp;<strong>MARMARA<\/strong><\/h2>\n<p>Par\u00e7al\u0131 ve az bulutlu ge\u00e7ece\u011fi tahmin ediliyor. R\u00fczgar\u0131n; kuzey ve bat\u0131s\u0131nda kuzey ve kuzeydo\u011fu y\u00f6nlerden kuvvetli (40-60 km\/sa) olarak esmesi bekleniyor.<\/p>\n<p>ED\u0130RNE&nbsp;\u00b0C,&nbsp;15\u00b0C<br \/>Par\u00e7al\u0131 ve az bulutlu<\/p>\n<p><a href=\"https:\/\/haberglobal.com.tr\/haberleri\/istanbul\" target=\"_blank\" rel=\"noopener\">\u0130STANBUL<\/a>&nbsp;\u00b0C,&nbsp;16\u00b0C<br \/>Par\u00e7al\u0131 ve az bulutlu<\/p>\n<p>KIRKLAREL\u0130&nbsp;\u00b0C,&nbsp;14\u00b0C<br \/>Par\u00e7al\u0131 ve az bulutlu<\/p>\n<p>KOCAEL\u0130&nbsp;\u00b0C,&nbsp;18\u00b0C<br \/>Par\u00e7al\u0131 ve az bulutlu<\/p>\n<h2><strong>EGE<\/strong><\/h2>\n<p>Az bulutlu, k\u0131y\u0131 kesimlerinin par\u00e7al\u0131 yer yer \u00e7ok bulutlu, Mu\u011fla&#8217;n\u0131n do\u011fusunun yerel olmak \u00fczere sa\u011fanak ya\u011f\u0131\u015fl\u0131 ge\u00e7ece\u011fi tahmin ediliyor. R\u00fczgar\u0131n; k\u0131y\u0131 kesimlerinde kuzey ve kuzeydo\u011fu y\u00f6nlerden kuvvetli (40-60 km\/sa) olarak esmesi bekleniyor.<\/p>\n<p>A.KARAH\u0130SAR&nbsp;\u00b0C,&nbsp;16\u00b0C<br \/>Az bulutlu<\/p>\n<p>DEN\u0130ZL\u0130&nbsp;\u00b0C,&nbsp;23\u00b0C<br \/>Par\u00e7al\u0131 ve az bulutlu<\/p>\n<p>\u0130ZM\u0130R&nbsp;\u00b0C,&nbsp;24\u00b0C<br \/>Par\u00e7al\u0131 ve az bulutlu<\/p>\n<p>K\u00dcTAHYA&nbsp;\u00b0C,&nbsp;16\u00b0C<br \/>Par\u00e7al\u0131 ve az bulutlu<\/p>\n<h2><strong>AKDEN\u0130Z<\/strong><\/h2>\n<p>Az bulutlu ve a\u00e7\u0131k, bat\u0131 kesimleri ile gece saatlerinde i\u00e7 kesimlerinin par\u00e7al\u0131 yer yer \u00e7ok bulutlu, Antalya&#8217;n\u0131n bat\u0131 \u00e7evreleri ile Burdur&#8217;un g\u00fcneyinin yerel olmak \u00fczere sa\u011fanak ya\u011f\u0131\u015fl\u0131 ge\u00e7ece\u011fi tahmin ediliyor.<\/p>\n<p>ADANA&nbsp;\u00b0C,&nbsp;29\u00b0C<br \/>Az bulutlu ve a\u00e7\u0131k, ak\u015fam saatlerinden sonra kuzeyi par\u00e7al\u0131 bulutlu<\/p>\n<p>ANTALYA&nbsp;\u00b0C,&nbsp;25\u00b0C<br \/>Az bulutlu ve a\u00e7\u0131k zamanla par\u00e7al\u0131 bulutlu, \u00f6\u011fle saatlerinden sonra bat\u0131 \u00e7evreleri yerel olmak \u00fczere sa\u011fanak ya\u011f\u0131\u015fl\u0131<\/p>\n<p>HATAY&nbsp;\u00b0C,&nbsp;26\u00b0C<br \/>Az bulutlu ve a\u00e7\u0131k<\/p>\n<p>MERS\u0130N&nbsp;\u00b0C,&nbsp;27\u00b0C<br \/>Az bulutlu ve a\u00e7\u0131k<\/p>\n<h2><strong>\u0130\u00c7 ANADOLU<\/strong><\/h2>\n<p>Az bulutlu, g\u00fcney kesimlerinin par\u00e7al\u0131, ak\u015fam saatlerinden sonra yer yer \u00e7ok bulutlu ge\u00e7ece\u011fi tahmin ediliyor.<\/p>\n<p><a href=\"https:\/\/haberglobal.com.tr\/haberleri\/ankara\" target=\"_blank\" rel=\"noopener\">ANKARA<\/a>&nbsp;\u00b0C,&nbsp;15\u00b0C<br \/>Az bulutlu<\/p>\n<p>ESK\u0130\u015eEH\u0130R&nbsp;\u00b0C,&nbsp;15\u00b0C<br \/>Az bulutlu<\/p>\n<p>KONYA&nbsp;\u00b0C,&nbsp;14\u00b0C<br \/>Par\u00e7al\u0131, ak\u015fam saatlerinden sonra \u00e7ok bulutlu<\/p>\n<p>S\u0130VAS&nbsp;\u00b0C,&nbsp;13\u00b0C<br \/>Az bulutlu<\/p>\n<h2><strong>BATI KARADEN\u0130Z<\/strong><\/h2>\n<p>Par\u00e7al\u0131 bulutlu ge\u00e7ece\u011fi tahmin ediliyor.<\/p>\n<p>BOLU&nbsp;\u00b0C,&nbsp;14\u00b0C<br \/>Par\u00e7al\u0131 bulutlu<\/p>\n<p>D\u00dcZCE&nbsp;\u00b0C,&nbsp;17\u00b0C<br \/>Par\u00e7al\u0131 bulutlu<\/p>\n<p>KASTAMONU&nbsp;\u00b0C,&nbsp;13\u00b0C<br \/>Par\u00e7al\u0131 bulutlu<\/p>\n<p>ZONGULDAK&nbsp;\u00b0C,&nbsp;16\u00b0C<br \/>Par\u00e7al\u0131 bulutlu<\/p>\n<h2><strong>ORTA ve DO\u011eU KARADEN\u0130Z<\/strong><\/h2>\n<p>Par\u00e7al\u0131, do\u011fusunun yer yer \u00e7ok bulutlu, sabah saatlerinde Trabzon, Rize ve Artvin k\u0131y\u0131lar\u0131n\u0131n ya\u011fmur ve sa\u011fanak ya\u011f\u0131\u015fl\u0131 ge\u00e7ece\u011fi tahmin ediliyor.<\/p>\n<p>AMASYA&nbsp;\u00b0C,&nbsp;14\u00b0C<br \/>Par\u00e7al\u0131 bulutlu<\/p>\n<p>SAMSUN&nbsp;\u00b0C,&nbsp;14\u00b0C<br \/>Par\u00e7al\u0131 bulutlu<\/p>\n<p>TOKAT&nbsp;\u00b0C,&nbsp;13\u00b0C<br \/>Par\u00e7al\u0131 bulutlu<\/p>\n<p>TRABZON&nbsp;\u00b0C,&nbsp;14\u00b0C<br \/>Par\u00e7al\u0131 ve \u00e7ok bulutlu, sabah saatlerinde yer yer sa\u011fanak ya\u011f\u0131\u015fl\u0131<\/p>\n<h2><strong>DO\u011eU ANADOLU<\/strong><\/h2>\n<p>Az bulutlu ve a\u00e7\u0131k, do\u011fu kesimlerinin par\u00e7al\u0131 yer yer \u00e7ok bulutlu, Van ve Hakkari \u00e7evrelerinin aral\u0131kl\u0131 ya\u011fmurlu ge\u00e7ece\u011fi tahmin ediliyor.<\/p>\n<p>ERZURUM&nbsp;\u00b0C,&nbsp;9\u00b0C<br \/>Par\u00e7al\u0131 bulutlu<\/p>\n<p>KARS&nbsp;\u00b0C,&nbsp;8\u00b0C<br \/>Par\u00e7al\u0131 bulutlu<\/p>\n<p>MALATYA&nbsp;\u00b0C,&nbsp;15\u00b0C<br \/>Az bulutlu ve a\u00e7\u0131k<\/p>\n<p>VAN&nbsp;\u00b0C,&nbsp;11\u00b0C<br \/>Par\u00e7al\u0131 \u00e7ok bulutlu ve aral\u0131kl\u0131 ya\u011fmurlu<\/p>\n<h2><strong>G\u00dcNEYDO\u011eU ANADOLU<\/strong><\/h2>\n<p>Az bulutlu ve a\u00e7\u0131k, ak\u015fam saatlerinden sonra bat\u0131s\u0131n\u0131n par\u00e7al\u0131 bulutlu ge\u00e7ece\u011fi tahmin ediliyor.<\/p>\n<p>D\u0130YARBAKIR&nbsp;\u00b0C,&nbsp;22\u00b0C<br \/>Az bulutlu ve a\u00e7\u0131k<\/p>\n<p>GAZ\u0130ANTEP&nbsp;\u00b0C,&nbsp;22\u00b0C<br \/>Az bulutlu ve a\u00e7\u0131k, ak\u015fam saatlerinden sonra par\u00e7al\u0131 bulutlu<\/p>\n<p>S\u0130\u0130RT&nbsp;\u00b0C,&nbsp;21\u00b0C<br \/>Az bulutlu ve a\u00e7\u0131k<\/p>\n<p>\u015eANLIURFA&nbsp;\u00b0C,&nbsp;25\u00b0C<br \/>Az bulutlu ve a\u00e7\u0131k<\/p>\n<h2><strong>METEOROLOJ\u0130&#8217;DEN 5 G\u00dcNL\u00dcK HAVA TAHM\u0130N RAPORU HAR\u0130TASI<\/strong><\/h2>\n<p><strong><img loading=\"lazy\" decoding=\"async\" src=\"https:\/\/istanbulchannel.net\/wp-content\/uploads\/2021\/10\/son-dakika-meteorolojiden-26-ekim-hava-durumuna-iliskin-flas-uyari-sicakliklar-4-derece-birden-dusecek-2.jpg\" alt width=\"1187\" height=\"662\"><\/strong><\/p>\n<p class=\"news-source\">Kaynak: Haber Global<\/p>\n","protected":false},"excerpt":{"rendered":"<p> Gelen son dakika haberine g\u00f6re, Meteoroloji, 26 Ekim Sal\u0131 g\u00fcn\u00fc hava durumuna ili\u015fkin baz\u0131 b\u00f6lgelere uyar\u0131da bulundu. S\u0131cakl\u0131klar\u0131n 4 derece&#8230;<\/p>\n","protected":false},"author":2,"featured_media":22508,"comment_status":"closed","ping_status":"closed","sticky":false,"template":"","format":"standard","meta":{"footnotes":""},"categories":[12,15],"tags":[],"class_list":["post-22507","post","type-post","status-publish","format-standard","has-post-thumbnail","hentry","category-gundem","category-turkiye"],"_links":{"self":[{"href":"https:\/\/istanbulchannel.net\/index.php\/wp-json\/wp\/v2\/posts\/22507","targetHints":{"allow":["GET"]}}],"collection":[{"href":"https:\/\/istanbulchannel.net\/index.php\/wp-json\/wp\/v2\/posts"}],"about":[{"href":"https:\/\/istanbulchannel.net\/index.php\/wp-json\/wp\/v2\/types\/post"}],"author":[{"embeddable":true,"href":"https:\/\/istanbulchannel.net\/index.php\/wp-json\/wp\/v2\/users\/2"}],"replies":[{"embeddable":true,"href":"https:\/\/istanbulchannel.net\/index.php\/wp-json\/wp\/v2\/comments?post=22507"}],"version-history":[{"count":0,"href":"https:\/\/istanbulchannel.net\/index.php\/wp-json\/wp\/v2\/posts\/22507\/revisions"}],"wp:featuredmedia":[{"embeddable":true,"href":"https:\/\/istanbulchannel.net\/index.php\/wp-json\/wp\/v2\/media\/22508"}],"wp:attachment":[{"href":"https:\/\/istanbulchannel.net\/index.php\/wp-json\/wp\/v2\/media?parent=22507"}],"wp:term":[{"taxonomy":"category","embeddable":true,"href":"https:\/\/istanbulchannel.net\/index.php\/wp-json\/wp\/v2\/categories?post=22507"},{"taxonomy":"post_tag","embeddable":true,"href":"https:\/\/istanbulchannel.net\/index.php\/wp-json\/wp\/v2\/tags?post=22507"}],"curies":[{"name":"wp","href":"https:\/\/api.w.org\/{rel}","templated":true}]}}