{"id":20926,"date":"2021-10-18T04:58:00","date_gmt":"2021-10-18T04:58:00","guid":{"rendered":"https:\/\/haberglobal.com.tr\/gundem\/son-dakika-istanbulda-haftanin-ilk-is-gununde-yagmur-trafigi-vurdu-138800"},"modified":"2021-10-18T04:58:00","modified_gmt":"2021-10-18T04:58:00","slug":"son-dakika-istanbulda-haftanin-ilk-is-gununde-yagmur-trafigi-vurdu","status":"publish","type":"post","link":"https:\/\/istanbulchannel.net\/index.php\/2021\/10\/18\/son-dakika-istanbulda-haftanin-ilk-is-gununde-yagmur-trafigi-vurdu\/","title":{"rendered":"Son Dakika \u0130stanbul\u2019da haftan\u0131n ilk i\u015f g\u00fcn\u00fcnde ya\u011fmur, trafi\u011fi vurdu!"},"content":{"rendered":"<p><img decoding=\"async\" src=\"https:\/\/istanbulchannel.net\/wp-content\/uploads\/2021\/10\/son-dakika-istanbulda-haftanin-ilk-is-gununde-yagmur-trafigi-vurdu.jpg\"> <\/p>\n<div readability=\"31\">\n<div class=\"post-info \" readability=\"32\">\n<p> <span class=\"name d-none d-xl-inline-block\"> Yay\u0131nlanma: <\/span> <time class=\"time\" datetime=\"2021-10-18T07:58:00+03:00\">18.10.2021<span class=\"d-none d-md-inline-block\">&#8211; 07:58<\/span><\/time> <span class=\"updated-time d-none d-md-inline-block\"> <span class=\"name\"> \/ Son G\u00fcncelleme: <\/span> <time class=\"time\" datetime=\"2021-10-18T09:06:22+03:00\">18.10.2021<span> &#8211; 09:06<\/span><\/time> <\/span> <\/p>\n<\/p><\/div>\n<\/p><\/div>\n<div readability=\"32.395280235988\">\n<p>\u0130stanbul\u2019un haftan\u0131n ilk i\u015f ve okul g\u00fcn\u00fcnde trafik yo\u011funlu\u011fu erken saatlerden itibaren etkili olmaya ba\u015flad\u0131. \u0130\u015flerine gitmek isteyen s\u00fcr\u00fcc\u00fcler ve \u00f6\u011frenci servisleri 15 Temmuz \u015eehitler K\u00f6pr\u00fcs\u00fc \u00fczerinde ve Kad\u0131k\u00f6y D-100 karayolu \u00fczerinde uzun ara\u00e7 kuyruklar\u0131 olu\u015fturdu.<\/p>\n<p><img loading=\"lazy\" decoding=\"async\" src=\"https:\/\/istanbulchannel.net\/wp-content\/uploads\/2021\/10\/son-dakika-istanbulda-haftanin-ilk-is-gununde-yagmur-trafigi-vurdu.webp\" alt width=\"999\" height=\"562\"><\/p>\n<p>Gece saatlerinden itibaren etkili olan ya\u011f\u0131\u015flarla birlikte trafik yer yer durma noktas\u0131na geldi. K\u00f6pr\u00fcye ba\u011flanan ara yollarda da s\u00fcr\u00fcc\u00fcler ilerlemekte g\u00fc\u00e7l\u00fck \u00e7ekti. \u0130BB trafik verilerine g\u00f6re ise yo\u011funluk saat 07.30 itibariyle y\u00fczde 60 olarak \u00f6l\u00e7\u00fcmlendi.<\/p>\n<\/p><\/div>\n","protected":false},"excerpt":{"rendered":"<p> \u0130stanbul\u2019da, haftan\u0131n ilk i\u015f g\u00fcn\u00fcnde etkili olan ya\u011f\u0131\u015flarla birlikte trafik yo\u011funlu\u011fu erken saatlerden itibaren etkili olmaya ba\u015flad\u0131. Yo\u011funluk y\u00fczde 60&#8230;<\/p>\n","protected":false},"author":2,"featured_media":20927,"comment_status":"closed","ping_status":"closed","sticky":false,"template":"","format":"standard","meta":{"footnotes":""},"categories":[12,15],"tags":[],"class_list":["post-20926","post","type-post","status-publish","format-standard","has-post-thumbnail","hentry","category-gundem","category-turkiye"],"_links":{"self":[{"href":"https:\/\/istanbulchannel.net\/index.php\/wp-json\/wp\/v2\/posts\/20926","targetHints":{"allow":["GET"]}}],"collection":[{"href":"https:\/\/istanbulchannel.net\/index.php\/wp-json\/wp\/v2\/posts"}],"about":[{"href":"https:\/\/istanbulchannel.net\/index.php\/wp-json\/wp\/v2\/types\/post"}],"author":[{"embeddable":true,"href":"https:\/\/istanbulchannel.net\/index.php\/wp-json\/wp\/v2\/users\/2"}],"replies":[{"embeddable":true,"href":"https:\/\/istanbulchannel.net\/index.php\/wp-json\/wp\/v2\/comments?post=20926"}],"version-history":[{"count":0,"href":"https:\/\/istanbulchannel.net\/index.php\/wp-json\/wp\/v2\/posts\/20926\/revisions"}],"wp:featuredmedia":[{"embeddable":true,"href":"https:\/\/istanbulchannel.net\/index.php\/wp-json\/wp\/v2\/media\/20927"}],"wp:attachment":[{"href":"https:\/\/istanbulchannel.net\/index.php\/wp-json\/wp\/v2\/media?parent=20926"}],"wp:term":[{"taxonomy":"category","embeddable":true,"href":"https:\/\/istanbulchannel.net\/index.php\/wp-json\/wp\/v2\/categories?post=20926"},{"taxonomy":"post_tag","embeddable":true,"href":"https:\/\/istanbulchannel.net\/index.php\/wp-json\/wp\/v2\/tags?post=20926"}],"curies":[{"name":"wp","href":"https:\/\/api.w.org\/{rel}","templated":true}]}}