{"id":13638,"date":"2021-09-13T08:19:55","date_gmt":"2021-09-13T08:19:55","guid":{"rendered":"https:\/\/haberglobal.com.tr\/dunya\/japon-kozmetik-ureticisi-dhc-koreli-karsiti-paylasimlar-nedeniyle-guney-kore-piyasasindan-cekilecek-132244"},"modified":"2021-09-13T08:19:55","modified_gmt":"2021-09-13T08:19:55","slug":"dunyaca-unlu-kozmetik-firmasinda-irkcilik-skandali-guney-koreden-cekiliyor","status":"publish","type":"post","link":"https:\/\/istanbulchannel.net\/index.php\/2021\/09\/13\/dunyaca-unlu-kozmetik-firmasinda-irkcilik-skandali-guney-koreden-cekiliyor\/","title":{"rendered":"D\u00fcnyaca \u00fcnl\u00fc kozmetik firmas\u0131nda &#8216;\u0131rk\u00e7\u0131l\u0131k&#8217; skandal\u0131! G\u00fcney Kore&#8217;den \u00e7ekiliyor"},"content":{"rendered":"<div class=\"media_block\"><\/div>\n<div><img decoding=\"async\" src=\"https:\/\/istanbulchannel.net\/wp-content\/uploads\/2021\/09\/dunyaca-unlu-kozmetik-firmasinda-irkcilik-skandali-guney-koreden-cekiliyor.jpg\" class=\"ff-og-image-inserted\"><\/div>\n<p>Kyodo ajans\u0131n\u0131n haberine g\u00f6re, Kas\u0131m 2020&#8217;de internet sitesinde yay\u0131mlanan &#8220;Koreli kar\u015f\u0131t\u0131&#8221; payla\u015f\u0131mlar sonras\u0131, Japonya&#8217;da yo\u011fun ele\u015ftirilere maruz kalan DHC sert bir karar ald\u0131.<\/p>\n<p>Firma \u00dcst Y\u00f6neticisi (CEO) Yo\u015fida Yo\u015fiaki&#8217;nin rakip bir \u015firketi hedef al\u0131rken kulland\u0131\u011f\u0131 &#8220;Korelileri tahkir eden&#8221; s\u00f6ylemler sonras\u0131 DHC, 2002&#8217;de girdi\u011fi G\u00fcney Kore piyasas\u0131ndan \u00e7ekilece\u011fini a\u00e7\u0131klad\u0131.<\/p>\n<p>G\u00fcney Kore&#8217;deki faaliyetlerini durduraca\u011f\u0131n\u0131 a\u00e7\u0131klayan Japon firma, internet \u00fczerinden sat\u0131\u015flar\u0131 da s\u00fcrd\u00fcrmeyece\u011fini duyurdu.<\/p>\n<p>Haberde, CEO Yo\u015fida&#8217;n\u0131n &#8220;Koreli kar\u015f\u0131t\u0131&#8221; mesaj\u0131 sonras\u0131, DHC \u00fcr\u00fcnlerinin G\u00fcney Kore&#8217;de boykot edildi\u011fi, \u00e7o\u011fu al\u0131\u015fveri\u015f ma\u011fazalar\u0131n\u0131n firma \u00fcr\u00fcnlerinin sat\u0131\u015f\u0131n\u0131 durdu\u011fu aktar\u0131ld\u0131.<\/p>\n<p><strong>&#8216;\u00c7ON&#8217; \u0130FADES\u0130<\/strong><\/p>\n<p>DHC&#8217;nin internet sitesinde, rakip bir firman\u0131n reklamlar\u0131nda Japon-Koreli melezi modelleri kullanmas\u0131n\u0131 ele\u015ftiren Yo\u015fida, mesaj\u0131nda &#8220;\u00c7on&#8221; ifadesini kullanm\u0131\u015ft\u0131.<\/p>\n<p>Yo\u015fida, &#8220;Reklamlar\u0131nda kiralanan modellerin neredeyse tamam\u0131 Kore as\u0131ll\u0131 Japon. Bu y\u00fczden internette &#8216;Chontory&#8217; diye alay edildi\u011fi belli.&#8221; mesaj\u0131n\u0131 payla\u015fm\u0131\u015ft\u0131.<\/p>\n<p>Buna kar\u015f\u0131n DHC&#8217;nin t\u00fcm \u00e7al\u0131\u015fanlar\u0131n\u0131n &#8220;saf Japon&#8221; oldu\u011funu kaydeden Yo\u015fida, kamuoyunda yo\u011fun ele\u015ftirilere maruz kalm\u0131\u015ft\u0131.<\/p>\n<p>&#8220;\u00c7on&#8221; ifadesinin Japonya&#8217;da ya\u015fayan Korelilere kar\u015f\u0131 &#8220;a\u015fa\u011f\u0131lay\u0131c\u0131 bir s\u00f6ylem&#8221; oldu\u011funu biliniyor.<\/p>\n<p>S\u00f6z konusu mesaj may\u0131s ay\u0131nda internet sitesinden kald\u0131r\u0131lm\u0131\u015ft\u0131.<\/p>\n<p>Firman\u0131n sitesinde 2016&#8217;da yay\u0131mlanan mesajda ise Japonya&#8217;da ya\u015fayan Koreliler &#8220;g\u00f6r\u00fcn\u00fc\u015fte Japon&#8221; olarak nitelenmi\u015f ve G\u00fcney Kore&#8217;ye d\u00f6nmeleri \u00e7a\u011fr\u0131s\u0131 yap\u0131lm\u0131\u015ft\u0131.<\/p>\n<p>Kaynak: AA<\/p>\n","protected":false},"excerpt":{"rendered":"<p>&lt;p&gt;Kyodo ajans\u0131n\u0131n haberine g\u00f6re, Kas\u0131m 2020&#039;de internet sitesinde yay\u0131mlanan &quot;Koreli kar\u015f\u0131t\u0131&quot; payla\u015f\u0131mlar sonras\u0131, Japonya&#039;da yo\u011fun ele\u015ftirilere maruz kalan DHC sert bir&#8230;<\/p>\n","protected":false},"author":2,"featured_media":13639,"comment_status":"closed","ping_status":"closed","sticky":false,"template":"","format":"standard","meta":{"footnotes":""},"categories":[9],"tags":[],"class_list":["post-13638","post","type-post","status-publish","format-standard","has-post-thumbnail","hentry","category-dunya"],"_links":{"self":[{"href":"https:\/\/istanbulchannel.net\/index.php\/wp-json\/wp\/v2\/posts\/13638","targetHints":{"allow":["GET"]}}],"collection":[{"href":"https:\/\/istanbulchannel.net\/index.php\/wp-json\/wp\/v2\/posts"}],"about":[{"href":"https:\/\/istanbulchannel.net\/index.php\/wp-json\/wp\/v2\/types\/post"}],"author":[{"embeddable":true,"href":"https:\/\/istanbulchannel.net\/index.php\/wp-json\/wp\/v2\/users\/2"}],"replies":[{"embeddable":true,"href":"https:\/\/istanbulchannel.net\/index.php\/wp-json\/wp\/v2\/comments?post=13638"}],"version-history":[{"count":0,"href":"https:\/\/istanbulchannel.net\/index.php\/wp-json\/wp\/v2\/posts\/13638\/revisions"}],"wp:featuredmedia":[{"embeddable":true,"href":"https:\/\/istanbulchannel.net\/index.php\/wp-json\/wp\/v2\/media\/13639"}],"wp:attachment":[{"href":"https:\/\/istanbulchannel.net\/index.php\/wp-json\/wp\/v2\/media?parent=13638"}],"wp:term":[{"taxonomy":"category","embeddable":true,"href":"https:\/\/istanbulchannel.net\/index.php\/wp-json\/wp\/v2\/categories?post=13638"},{"taxonomy":"post_tag","embeddable":true,"href":"https:\/\/istanbulchannel.net\/index.php\/wp-json\/wp\/v2\/tags?post=13638"}],"curies":[{"name":"wp","href":"https:\/\/api.w.org\/{rel}","templated":true}]}}